{"id":41322,"date":"2026-01-06T02:54:12","date_gmt":"2026-01-06T01:54:12","guid":{"rendered":"https:\/\/letempsmag.ma\/?p=41322"},"modified":"2026-01-06T02:54:13","modified_gmt":"2026-01-06T01:54:13","slug":"la-fondation-pour-la-sauvegarde-du-patrimoine-culturel-de-rabat-surfe-sur-la-can-2025","status":"publish","type":"post","link":"https:\/\/letempsmag.ma\/?p=41322","title":{"rendered":"La Fondation pour la Sauvegarde du Patrimoine Culturel de Rabat surfe sur la CAN 2025"},"content":{"rendered":"\n<p>La Fondation pour la Sauvegarde du Patrimoine Culturel de Rabat, pr\u00e9sid\u00e9e par S.A.R. la Princesse Lalla Hasnaa, d\u00e9ploie, \u00e0 l\u2019occasion de la CAN 2025 un programme culturel riche et diversifi\u00e9. Pens\u00e9 en r\u00e9sonance avec cet \u00e9v\u00e9nement continental d\u2019envergure, ce programme vise \u00e0 accompagner la dynamique de la comp\u00e9tition footballistique et \u00e0 contribuer au rayonnement culturel du Royaume, indique un communiqu\u00e9 de la Fondation.<\/p>\n\n\n\n<p>L\u2019initiative s&#8217;appuie sur la place singuli\u00e8re qu\u2019occupe la ville de Rabat, capitale du Royaume, inscrite sur la Liste du patrimoine mondial de l\u2019UNESCO, reconnue comme un espace de rencontre, de dialogue et d\u2019ouverture sur le continent africain, ajoute la m\u00eame source.<\/p>\n\n\n\n<p>\u00c0 cette occasion, et depuis le 27 d\u00e9cembre dernier jusqu\u2019au 18 janvier prochain, la Fondation propose aux visiteurs de la capitale un programme de visites guid\u00e9es gratuites tous les week-ends des sites class\u00e9s sur la liste du patrimoine mondial de Rabat. Ces visites sont anim\u00e9es par de jeunes \u00e9tudiants b\u00e9n\u00e9voles form\u00e9s dans le cadre de l\u2019initiative de volontariat pour le patrimoine mondial de l\u2019UNESCO.<\/p>\n\n\n\n<p>Ces parcours visent \u00e0 rapprocher le patrimoine du grand public, \u00e0 en faciliter l\u2019acc\u00e8s et \u00e0 renforcer l\u2019implication des jeunes dans sa sauvegarde, sa valorisation et sa transmission, notamment dans un contexte international marqu\u00e9 par la pr\u00e9sence de visiteurs de diverses nationalit\u00e9s.<\/p>\n\n\n\n<p>La Fondation propose \u00e9galement l\u2019organisation d\u2019une exposition intitul\u00e9e \u00abL\u2019Afrique&nbsp;: patrimoine du monde, voyage \u00e0 travers les paysages, les civilisations et les songes\u00bb. Con\u00e7ue selon une sc\u00e9nographie immersive, l\u2019exposition se d\u00e9ploie comme un parcours culturel m\u00ealant photographies, panneaux d\u2019interpr\u00e9tation trilingues (arabe, fran\u00e7ais et anglais) et dispositifs num\u00e9riques interactifs, invitant le public \u00e0 d\u00e9couvrir l\u2019Afrique \u00e0 travers la richesse et la diversit\u00e9 de ses sites inscrits sur la Liste du patrimoine mondial.<\/p>\n\n\n\n<p>\u00c0 travers ce programme culturel, la Fondation pour la Sauvegarde du Patrimoine Culturel de Rabat affirme sa conviction que le patrimoine peut accompagner les grands \u00e9v\u00e9nements et en enrichir le sens. Pens\u00e9 comme un espace de rencontre et d\u2019apprentissage, le patrimoine devient une occasion de partage, de dialogue et d\u2019engagement, contribuant pleinement au rayonnement culturel de la ville de Rabat, au Maroc comme \u00e0 l\u2019international.<\/p>\n\n\n\n<p>Rappelons que la Fondation a \u00e9t\u00e9 cr\u00e9\u00e9e par S.M. le Roi Mohammed VI afin de pr\u00e9server l\u2019h\u00e9ritage mat\u00e9riel, immat\u00e9riel et paysager de Rabat. La ville, avec 8 sites historiques majeurs, est inscrite depuis 2012 sur la liste du patrimoine mondial de l\u2019Unesco.<\/p>\n","protected":false},"excerpt":{"rendered":"<p>La Fondation pour la Sauvegarde du Patrimoine Culturel de Rabat, pr\u00e9sid\u00e9e par S.A.R. la Princesse Lalla Hasnaa, d\u00e9ploie, \u00e0 l\u2019occasion de la CAN 2025 un programme culturel riche et diversifi\u00e9. Pens\u00e9 en r\u00e9sonance avec cet \u00e9v\u00e9nement continental d\u2019envergure, ce programme vise \u00e0 accompagner la dynamique de la comp\u00e9tition footballistique et \u00e0 contribuer au rayonnement culturel &hellip;<\/p>\n","protected":false},"author":9,"featured_media":41314,"comment_status":"open","ping_status":"closed","sticky":false,"template":"","format":"standard","meta":{"footnotes":""},"categories":[300],"tags":[],"class_list":["post-41322","post","type-post","status-publish","format-standard","has-post-thumbnail","hentry","category-societe-2"],"_links":{"self":[{"href":"https:\/\/letempsmag.ma\/index.php?rest_route=\/wp\/v2\/posts\/41322","targetHints":{"allow":["GET"]}}],"collection":[{"href":"https:\/\/letempsmag.ma\/index.php?rest_route=\/wp\/v2\/posts"}],"about":[{"href":"https:\/\/letempsmag.ma\/index.php?rest_route=\/wp\/v2\/types\/post"}],"author":[{"embeddable":true,"href":"https:\/\/letempsmag.ma\/index.php?rest_route=\/wp\/v2\/users\/9"}],"replies":[{"embeddable":true,"href":"https:\/\/letempsmag.ma\/index.php?rest_route=%2Fwp%2Fv2%2Fcomments&post=41322"}],"version-history":[{"count":1,"href":"https:\/\/letempsmag.ma\/index.php?rest_route=\/wp\/v2\/posts\/41322\/revisions"}],"predecessor-version":[{"id":41323,"href":"https:\/\/letempsmag.ma\/index.php?rest_route=\/wp\/v2\/posts\/41322\/revisions\/41323"}],"wp:featuredmedia":[{"embeddable":true,"href":"https:\/\/letempsmag.ma\/index.php?rest_route=\/wp\/v2\/media\/41314"}],"wp:attachment":[{"href":"https:\/\/letempsmag.ma\/index.php?rest_route=%2Fwp%2Fv2%2Fmedia&parent=41322"}],"wp:term":[{"taxonomy":"category","embeddable":true,"href":"https:\/\/letempsmag.ma\/index.php?rest_route=%2Fwp%2Fv2%2Fcategories&post=41322"},{"taxonomy":"post_tag","embeddable":true,"href":"https:\/\/letempsmag.ma\/index.php?rest_route=%2Fwp%2Fv2%2Ftags&post=41322"}],"curies":[{"name":"wp","href":"https:\/\/api.w.org\/{rel}","templated":true}]}}