{"id":41293,"date":"2026-01-05T06:47:00","date_gmt":"2026-01-05T05:47:00","guid":{"rendered":"https:\/\/letempsmag.ma\/?p=41293"},"modified":"2026-01-04T22:51:00","modified_gmt":"2026-01-04T21:51:00","slug":"le-maroc-elu-la-tete-de-linstitut-de-lunesco-pour-lapprentissage-tout-au-long-de-la-vie","status":"publish","type":"post","link":"https:\/\/letempsmag.ma\/?p=41293","title":{"rendered":"Le Maroc \u00e9lu la t\u00eate de l\u2019Institut de l\u2019UNESCO pour l\u2019Apprentissage tout au long de la Vie"},"content":{"rendered":"\n<p>Le Maroc vient d\u2019\u00eatre \u00e9lu, en la personne de Zohour Alaoui (photo), Ambassadrice du Maroc \u00e0 Berlin, \u00e0 la pr\u00e9sidence du Conseil d\u2019Administration de l\u2019Institut de l\u2019UNESCO pour l\u2019Apprentissage tout au long de la Vie (UIL), pour la p\u00e9riode 2026-2028.<\/p>\n\n\n\n<p>Cette \u00e9lection du Maroc, \u00e0 l\u2019unanimit\u00e9 des membres, intervient au terme des travaux de la 21<sup>\u00e8me<\/sup> r\u00e9union du Conseil d\u2019administration de l\u2019UIL, tenue r\u00e9cemment \u00e0 Hambourg, qui a vu l\u2019\u00e9lection \u00e9galement de l\u2019ex-Vice-Pr\u00e9sidente et Ministre des Affaires \u00e9trang\u00e8res du Costa Rica, Epsy Campbell Barr, vice-Pr\u00e9sidente du Conseil d\u2019Administration de cet Institut onusien.<\/p>\n\n\n\n<p>L\u2019\u00e9lection de Zohour Alaoui \u00e0 ce haut poste t\u00e9moigne de la reconnaissance internationale de l\u2019engagement du Maroc et le r\u00f4le pionnier de S.M. en faveur de la promotion de l\u2019\u00e9ducation en tant que pilier essentiel de la paix et du d\u00e9veloppement durable.<\/p>\n\n\n\n<p>Par ailleurs, cette 21<sup>\u00e8me<\/sup> r\u00e9union a ajout\u00e9 les villes d\u2019Oujda et de Casablanca au R\u00e9seau Mondial des Villes Apprenantes de l\u2019UNESCO, en reconnaissance de leur fort engagement \u00e0 faire du droit \u00e0 l\u2019\u00e9ducation pour tous et \u00e0 tout \u00e2ge une r\u00e9alit\u00e9 au niveau local. Rappelons que F\u00e8s, Agadir et Essaouira font \u00e9galement partie dudit r\u00e9seau mondial depuis 2023.<\/p>\n","protected":false},"excerpt":{"rendered":"<p>Le Maroc vient d\u2019\u00eatre \u00e9lu, en la personne de Zohour Alaoui (photo), Ambassadrice du Maroc \u00e0 Berlin, \u00e0 la pr\u00e9sidence du Conseil d\u2019Administration de l\u2019Institut de l\u2019UNESCO pour l\u2019Apprentissage tout au long de la Vie (UIL), pour la p\u00e9riode 2026-2028. Cette \u00e9lection du Maroc, \u00e0 l\u2019unanimit\u00e9 des membres, intervient au terme des travaux de la &hellip;<\/p>\n","protected":false},"author":9,"featured_media":41282,"comment_status":"open","ping_status":"closed","sticky":false,"template":"","format":"standard","meta":{"footnotes":""},"categories":[414],"tags":[],"class_list":["post-41293","post","type-post","status-publish","format-standard","has-post-thumbnail","hentry","category-reseaux"],"_links":{"self":[{"href":"https:\/\/letempsmag.ma\/index.php?rest_route=\/wp\/v2\/posts\/41293","targetHints":{"allow":["GET"]}}],"collection":[{"href":"https:\/\/letempsmag.ma\/index.php?rest_route=\/wp\/v2\/posts"}],"about":[{"href":"https:\/\/letempsmag.ma\/index.php?rest_route=\/wp\/v2\/types\/post"}],"author":[{"embeddable":true,"href":"https:\/\/letempsmag.ma\/index.php?rest_route=\/wp\/v2\/users\/9"}],"replies":[{"embeddable":true,"href":"https:\/\/letempsmag.ma\/index.php?rest_route=%2Fwp%2Fv2%2Fcomments&post=41293"}],"version-history":[{"count":1,"href":"https:\/\/letempsmag.ma\/index.php?rest_route=\/wp\/v2\/posts\/41293\/revisions"}],"predecessor-version":[{"id":41294,"href":"https:\/\/letempsmag.ma\/index.php?rest_route=\/wp\/v2\/posts\/41293\/revisions\/41294"}],"wp:featuredmedia":[{"embeddable":true,"href":"https:\/\/letempsmag.ma\/index.php?rest_route=\/wp\/v2\/media\/41282"}],"wp:attachment":[{"href":"https:\/\/letempsmag.ma\/index.php?rest_route=%2Fwp%2Fv2%2Fmedia&parent=41293"}],"wp:term":[{"taxonomy":"category","embeddable":true,"href":"https:\/\/letempsmag.ma\/index.php?rest_route=%2Fwp%2Fv2%2Fcategories&post=41293"},{"taxonomy":"post_tag","embeddable":true,"href":"https:\/\/letempsmag.ma\/index.php?rest_route=%2Fwp%2Fv2%2Ftags&post=41293"}],"curies":[{"name":"wp","href":"https:\/\/api.w.org\/{rel}","templated":true}]}}