{"id":41002,"date":"2025-12-18T10:12:07","date_gmt":"2025-12-18T09:12:07","guid":{"rendered":"https:\/\/letempsmag.ma\/?p=41002"},"modified":"2025-12-18T10:12:07","modified_gmt":"2025-12-18T09:12:07","slug":"lassociation-hajar-redonne-mobilite-et-dignite-aux-enfants-atteints-de-deficits-immunitaires","status":"publish","type":"post","link":"https:\/\/letempsmag.ma\/?p=41002","title":{"rendered":"L\u2019Association Hajar redonne mobilit\u00e9 et dignit\u00e9 aux enfants atteints de d\u00e9ficits immunitaires"},"content":{"rendered":"\n<p>Au lendemain de la Journ\u00e9e internationale des personnes handicap\u00e9es, un geste fort de solidarit\u00e9 vient rappeler l\u2019urgence de l\u2019inclusion et du soutien aux enfants les plus vuln\u00e9rables. L\u2019Association Hajar d\u2019aide aux enfants atteints de d\u00e9ficits immunitaires primitifs (DIP) a lanc\u00e9 une op\u00e9ration solidaire d\u2019envergure, marqu\u00e9e par la distribution de chaises roulantes adapt\u00e9es \u00e0 des enfants souffrant de troubles moteurs s\u00e9v\u00e8res.<\/p>\n\n\n\n<p>Cette initiative r\u00e9pond \u00e0 un besoin urgent, identifi\u00e9 par les \u00e9quipes de l\u2019association, face aux cons\u00e9quences neurologiques et motrices que peuvent entra\u00eener certains d\u00e9ficits immunitaires primitifs. En offrant ces \u00e9quipements essentiels, l\u2019Association Hajar vise \u00e0 am\u00e9liorer concr\u00e8tement le quotidien des jeunes patients, en leur permettant de retrouver une mobilit\u00e9, une autonomie accrue et un meilleur acc\u00e8s \u00e0 l\u2019\u00e9ducation et \u00e0 la vie sociale.<\/p>\n\n\n\n<p>Les b\u00e9n\u00e9ficiaires, issus de plusieurs r\u00e9gions du Royaume (notamment Fkih Bensalah, Mohammedia, M\u00e9diouna, Chefchaouen, Taroudant, El Jadida, Casablanca, Agadir, Settat et F\u00e8s) sont atteints de pathologies rares provoquant une perte progressive de la coordination des mouvements. Pour leurs familles, souvent confront\u00e9es \u00e0 des parcours m\u00e9dicaux lourds et co\u00fbteux, cette aide repr\u00e9sente \u00e9galement un soulagement mat\u00e9riel et moral.<\/p>\n\n\n\n<p>\u00abOrganiser cette distribution au lendemain de la Journ\u00e9e internationale des personnes handicap\u00e9es donne une r\u00e9sonance toute particuli\u00e8re \u00e0 notre action. C\u2019est un message d\u2019inclusion, de soutien et de reconnaissance que nous adressons \u00e0 ces enfants et \u00e0 leurs familles\u00bb, souligne Bouchra Benhayoun, pr\u00e9sidente de l\u2019Association Hajar.<\/p>\n\n\n\n<p>Fond\u00e9e en 1997, l\u2019Association Hajar est aujourd\u2019hui une r\u00e9f\u00e9rence nationale dans l\u2019accompagnement des enfants atteints de DIP. Guid\u00e9e par ses valeurs de solidarit\u00e9, engagement, empathie et dignit\u00e9, elle \u0153uvre depuis pr\u00e8s de trois d\u00e9cennies \u00e0 am\u00e9liorer la qualit\u00e9 de vie des patients et \u00e0 favoriser leur pleine int\u00e9gration sociale, familiale et scolaire.<\/p>\n\n\n\n<p><strong>L. F.<\/strong><\/p>\n","protected":false},"excerpt":{"rendered":"<p>Au lendemain de la Journ\u00e9e internationale des personnes handicap\u00e9es, un geste fort de solidarit\u00e9 vient rappeler l\u2019urgence de l\u2019inclusion et du soutien aux enfants les plus vuln\u00e9rables. L\u2019Association Hajar d\u2019aide aux enfants atteints de d\u00e9ficits immunitaires primitifs (DIP) a lanc\u00e9 une op\u00e9ration solidaire d\u2019envergure, marqu\u00e9e par la distribution de chaises roulantes adapt\u00e9es \u00e0 des enfants &hellip;<\/p>\n","protected":false},"author":9,"featured_media":40988,"comment_status":"open","ping_status":"closed","sticky":false,"template":"","format":"standard","meta":{"footnotes":""},"categories":[40],"tags":[],"class_list":["post-41002","post","type-post","status-publish","format-standard","has-post-thumbnail","hentry","category-social"],"_links":{"self":[{"href":"https:\/\/letempsmag.ma\/index.php?rest_route=\/wp\/v2\/posts\/41002","targetHints":{"allow":["GET"]}}],"collection":[{"href":"https:\/\/letempsmag.ma\/index.php?rest_route=\/wp\/v2\/posts"}],"about":[{"href":"https:\/\/letempsmag.ma\/index.php?rest_route=\/wp\/v2\/types\/post"}],"author":[{"embeddable":true,"href":"https:\/\/letempsmag.ma\/index.php?rest_route=\/wp\/v2\/users\/9"}],"replies":[{"embeddable":true,"href":"https:\/\/letempsmag.ma\/index.php?rest_route=%2Fwp%2Fv2%2Fcomments&post=41002"}],"version-history":[{"count":1,"href":"https:\/\/letempsmag.ma\/index.php?rest_route=\/wp\/v2\/posts\/41002\/revisions"}],"predecessor-version":[{"id":41003,"href":"https:\/\/letempsmag.ma\/index.php?rest_route=\/wp\/v2\/posts\/41002\/revisions\/41003"}],"wp:featuredmedia":[{"embeddable":true,"href":"https:\/\/letempsmag.ma\/index.php?rest_route=\/wp\/v2\/media\/40988"}],"wp:attachment":[{"href":"https:\/\/letempsmag.ma\/index.php?rest_route=%2Fwp%2Fv2%2Fmedia&parent=41002"}],"wp:term":[{"taxonomy":"category","embeddable":true,"href":"https:\/\/letempsmag.ma\/index.php?rest_route=%2Fwp%2Fv2%2Fcategories&post=41002"},{"taxonomy":"post_tag","embeddable":true,"href":"https:\/\/letempsmag.ma\/index.php?rest_route=%2Fwp%2Fv2%2Ftags&post=41002"}],"curies":[{"name":"wp","href":"https:\/\/api.w.org\/{rel}","templated":true}]}}