{"id":40972,"date":"2025-12-17T17:11:31","date_gmt":"2025-12-17T16:11:31","guid":{"rendered":"https:\/\/letempsmag.ma\/?p=40972"},"modified":"2025-12-17T17:11:31","modified_gmt":"2025-12-17T16:11:31","slug":"suzuki-celebre-au-maroc-le-football-africain-avec-deux-editions-limitees-swift-et-jimny","status":"publish","type":"post","link":"https:\/\/letempsmag.ma\/?p=40972","title":{"rendered":"Suzuki c\u00e9l\u00e8bre au Maroc le football africain avec deux \u00e9ditions limit\u00e9es \u00abSwift\u00bb et \u00abJimny\u00bb"},"content":{"rendered":"\n<p>\u00c0 l\u2019occasion de la Coupe d\u2019Afrique des Nations Maroc 2025, Suzuki renforce sa pr\u00e9sence sur le continent en lan\u00e7ant deux \u00e9ditions limit\u00e9es d\u00e9di\u00e9es \u00e0 la comp\u00e9tition. Dans le cadre de son partenariat strat\u00e9gique avec la Conf\u00e9d\u00e9ration Africaine de Football (CAF), CFAO Mobility, repr\u00e9sentant exclusif de la marque japonaise au Maroc, d\u00e9ploie un dispositif in\u00e9dit m\u00ealant automobile, sport et exp\u00e9rience supporters.<\/p>\n\n\n\n<p>Depuis novembre 2025, Suzuki est sponsor mondial officiel de la CAF jusqu\u2019en 2027, affirmant sa volont\u00e9 d\u2019accompagner durablement le football africain. Pour le coup d\u2019envoi de ce partenariat au Maroc, les showrooms Suzuki de Casablanca, Marrakech et Agadir se parent aux couleurs de la CAN et proposent deux mod\u00e8les en \u00e9dition limit\u00e9e CAN 2025&nbsp;: la Suzuki \u00abSwift\u00bb et le Suzuki \u00abJimny All Grip\u00bb.<\/p>\n\n\n\n<p>\u00abLe lancement de ce partenariat au Maroc nous a naturellement conduits \u00e0 transformer nos showrooms et \u00e0 proposer des \u00e9ditions exclusives en lien avec cet \u00e9v\u00e9nement continental majeur\u00bb, souligne Laurent Genet, Directeur G\u00e9n\u00e9ral de CFAO Mobility.<\/p>\n\n\n\n<p>Disponibles du 1er d\u00e9cembre 2025 au 31 janvier 2026, la Suzuki \u00abSwift CAN 2025\u00bb, au look sportif affirm\u00e9, est propos\u00e9e \u00e0 179.000 DH, tandis que le Suzuki \u00abJimny All Grip\u00bb, v\u00e9ritable SUV baroudeur, est affich\u00e9 \u00e0 230.000 DH (TVA incluse, hors frais d\u2019immatriculation). Les deux mod\u00e8les b\u00e9n\u00e9ficient d\u2019accessoires exclusifs et d\u2019un habillage sp\u00e9cial CAN.<\/p>\n\n\n\n<p>En parall\u00e8le, Suzuki animera les fan-zones officielles et exposera ses v\u00e9hicules \u00e0 l\u2019entr\u00e9e des stades du 21 d\u00e9cembre 2025 au 18 janvier 2026. Une dizaine de \u00abSwift\u00bb et \u00abJimny\u00bb ont \u00e9galement \u00e9t\u00e9 mises \u00e0 disposition du Comit\u00e9 d\u2019organisation de la CAF \u00e0 Rabat.<\/p>\n\n\n\n<p>Les clients commandant ou prenant livraison de l\u2019un des deux mod\u00e8les b\u00e9n\u00e9ficieront d\u2019un kit officiel supporter, de deux billets de match de la CAN 2025 et d\u2019une remise de 10.000 DH. \u00c0 travers cette op\u00e9ration, Suzuki et CFAO Mobility illustrent leur ambition commune&nbsp;: \u00abDriving the Game Forward\u00bb, au service du sport et de la mobilit\u00e9 en Afrique.<\/p>\n\n\n\n<p><strong>L. F.<\/strong><\/p>\n","protected":false},"excerpt":{"rendered":"<p>\u00c0 l\u2019occasion de la Coupe d\u2019Afrique des Nations Maroc 2025, Suzuki renforce sa pr\u00e9sence sur le continent en lan\u00e7ant deux \u00e9ditions limit\u00e9es d\u00e9di\u00e9es \u00e0 la comp\u00e9tition. Dans le cadre de son partenariat strat\u00e9gique avec la Conf\u00e9d\u00e9ration Africaine de Football (CAF), CFAO Mobility, repr\u00e9sentant exclusif de la marque japonaise au Maroc, d\u00e9ploie un dispositif in\u00e9dit m\u00ealant &hellip;<\/p>\n","protected":false},"author":9,"featured_media":40960,"comment_status":"open","ping_status":"closed","sticky":false,"template":"","format":"standard","meta":{"footnotes":""},"categories":[1378],"tags":[],"class_list":["post-40972","post","type-post","status-publish","format-standard","has-post-thumbnail","hentry","category-can-2025"],"_links":{"self":[{"href":"https:\/\/letempsmag.ma\/index.php?rest_route=\/wp\/v2\/posts\/40972","targetHints":{"allow":["GET"]}}],"collection":[{"href":"https:\/\/letempsmag.ma\/index.php?rest_route=\/wp\/v2\/posts"}],"about":[{"href":"https:\/\/letempsmag.ma\/index.php?rest_route=\/wp\/v2\/types\/post"}],"author":[{"embeddable":true,"href":"https:\/\/letempsmag.ma\/index.php?rest_route=\/wp\/v2\/users\/9"}],"replies":[{"embeddable":true,"href":"https:\/\/letempsmag.ma\/index.php?rest_route=%2Fwp%2Fv2%2Fcomments&post=40972"}],"version-history":[{"count":1,"href":"https:\/\/letempsmag.ma\/index.php?rest_route=\/wp\/v2\/posts\/40972\/revisions"}],"predecessor-version":[{"id":40973,"href":"https:\/\/letempsmag.ma\/index.php?rest_route=\/wp\/v2\/posts\/40972\/revisions\/40973"}],"wp:featuredmedia":[{"embeddable":true,"href":"https:\/\/letempsmag.ma\/index.php?rest_route=\/wp\/v2\/media\/40960"}],"wp:attachment":[{"href":"https:\/\/letempsmag.ma\/index.php?rest_route=%2Fwp%2Fv2%2Fmedia&parent=40972"}],"wp:term":[{"taxonomy":"category","embeddable":true,"href":"https:\/\/letempsmag.ma\/index.php?rest_route=%2Fwp%2Fv2%2Fcategories&post=40972"},{"taxonomy":"post_tag","embeddable":true,"href":"https:\/\/letempsmag.ma\/index.php?rest_route=%2Fwp%2Fv2%2Ftags&post=40972"}],"curies":[{"name":"wp","href":"https:\/\/api.w.org\/{rel}","templated":true}]}}