{"id":40931,"date":"2025-12-15T08:44:44","date_gmt":"2025-12-15T07:44:44","guid":{"rendered":"https:\/\/letempsmag.ma\/?p=40931"},"modified":"2025-12-15T08:44:44","modified_gmt":"2025-12-15T07:44:44","slug":"linstitut-superieur-detudes-maritimes-en-harmonie-avec-les-standards-de-lorganisation-maritime-internationale","status":"publish","type":"post","link":"https:\/\/letempsmag.ma\/?p=40931","title":{"rendered":"L\u2019Institut Sup\u00e9rieur d\u2019\u00c9tudes Maritimes en harmonie avec les standards de l\u2019Organisation Maritime Internationale"},"content":{"rendered":"\n<p>L\u2019Institut Sup\u00e9rieur d\u2019\u00c9tudes Maritimes (ISEM), pierre angulaire de la formation des officiers de la Marine marchande au Maroc, se trouve aujourd\u2019hui au centre de l\u2019attention des professionnels du secteur. Dans un contexte international exigeant, marqu\u00e9 par la rigueur des normes de la Convention STCW de l\u2019Organisation Maritime Internationale (OMI), la vacance de deux postes strat\u00e9giques au sein de l\u2019Institut ouvre une phase d\u00e9cisive pour l\u2019avenir de la formation maritime nationale.<\/p>\n\n\n\n<p>Selon plusieurs experts, il est toujours essentiel de rappeler l\u2019importance cruciale de maintenir une conformit\u00e9 totale avec les exigences de la section \u00abA-I\/6\u00bb de la STCW, un chapitre d\u00e9terminant qui encadre les qualifications, la supervision et l\u2019\u00e9valuation dans la formation maritime.<\/p>\n\n\n\n<p><strong><em>Une opportunit\u00e9 pour consolider la conformit\u00e9 STCW<\/em><\/strong><\/p>\n\n\n\n<p>La STCW est explicite&nbsp;: toute personne impliqu\u00e9e dans la formation maritime, qu\u2019il s\u2019agisse d\u2019instructeurs, de superviseurs ou d\u2019\u00e9valuateurs, doit imp\u00e9rativement poss\u00e9der l\u2019exp\u00e9rience pratique et les qualifications sp\u00e9cifiques li\u00e9es aux fonctions enseign\u00e9es.<\/p>\n\n\n\n<p>Historiquement, l\u2019ISEM a b\u00e2ti sa r\u00e9putation en s\u2019appuyant sur des cadres issus de la marine marchande, anciens navigants ma\u00eetrisant les exigences techniques du m\u00e9tier ainsi que les comp\u00e9tences op\u00e9rationnelles impos\u00e9es par la STCW. Ce mod\u00e8le a longtemps garanti la conformit\u00e9 de l\u2019Institut aux standards internationaux et renforc\u00e9 la qualit\u00e9 de l\u2019enseignement dispens\u00e9.<\/p>\n\n\n\n<p>Aujourd\u2019hui, les deux postes de directeurs adjoints charg\u00e9s des \u00e9tudes et de la formation continue sont vacants, et la proc\u00e9dure officielle de recrutement est lanc\u00e9e. Cette situation repr\u00e9sente une opportunit\u00e9 majeure&nbsp;: celle de consolider la conformit\u00e9 de l\u2019ISEM&nbsp;en s\u00e9lectionnant des profils r\u00e9pondant pleinement aux exigences de la section \u00abA-I\/6\u00bb, notamment&nbsp;:<\/p>\n\n\n\n<p>&#8211; Une compr\u00e9hension approfondie des cursus de formation maritime.<\/p>\n\n\n\n<p>&#8211; Une ma\u00eetrise technique des fonctions STCW concern\u00e9es,<\/p>\n\n\n\n<p>&#8211; Une exp\u00e9rience pratique attest\u00e9e \u00e0 bord.<\/p>\n\n\n\n<p>&#8211; La capacit\u00e9 d\u2019assurer supervision et \u00e9valuation conform\u00e9ment aux standards OMI.<\/p>\n\n\n\n<p>Cette vigilance est essentielle pour garantir que les orientations p\u00e9dagogiques de l\u2019Institut restent en parfaite ad\u00e9quation avec les r\u00e9alit\u00e9s du m\u00e9tier d\u2019officier et les exigences internationales.<\/p>\n\n\n\n<p><strong><em>Un enjeu d\u00e9terminant pour le pavillon marocain<\/em><\/strong><\/p>\n\n\n\n<p>Le respect strict des normes STCW d\u00e9passe largement le cadre interne de l\u2019ISEM.<br>Il constitue un \u00e9l\u00e9ment central de la cr\u00e9dibilit\u00e9 du syst\u00e8me de formation maritime marocain et de la reconnaissance internationale des brevets d\u00e9livr\u00e9s par le Royaume.<\/p>\n\n\n\n<p>En cas d\u2019\u00e9cart significatif, le Maroc pourrait s\u2019exposer \u00e0 des risques majeurs&nbsp;:<\/p>\n\n\n\n<p>&#8211; D\u00e9classement du Royaume de la liste blanche de l\u2019OMI.<\/p>\n\n\n\n<p>&#8211; Remise en question de la reconnaissance internationale des brevets STCW.<\/p>\n\n\n\n<p>&#8211; Difficult\u00e9s pour les officiers marocains embarqu\u00e9s sous pavillon \u00e9tranger.<\/p>\n\n\n\n<p>&#8211; Impacts potentiels sur la d\u00e9livrance des certificats et brevets par la Direction de la Marine Marchande.<\/p>\n\n\n\n<p>Il s\u2019agit donc d\u2019un enjeu strat\u00e9gique touchant \u00e0 la comp\u00e9titivit\u00e9 du pavillon marocain et \u00e0 l\u2019avenir professionnel de milliers de navigateurs.<\/p>\n\n\n\n<p><strong><em>Un appel \u00e0 une vigilance institutionnelle accrue<\/em><\/strong><\/p>\n\n\n\n<p>Face \u00e0 l\u2019ouverture des recrutements pour des postes aussi sensibles, plusieurs acteurs du secteur maritime appellent \u00e0 une s\u00e9lection rigoureuse et \u00e9clair\u00e9e.<br>La question d\u00e9passe les aspects administratifs : elle concerne la place du Maroc dans la communaut\u00e9 maritime internationale et la p\u00e9rennit\u00e9 de ses engagements.<\/p>\n\n\n\n<p>L\u2019ISEM, institution de r\u00e9f\u00e9rence et fiert\u00e9 nationale, doit continuer \u00e0 s\u2019appuyer sur des profils pleinement conformes \u00e0 la STCW pour pr\u00e9server son excellence, renforcer la confiance de ses partenaires et consolider son r\u00f4le strat\u00e9gique dans la r\u00e9gion.<\/p>\n\n\n\n<p><strong><em>Un moment d\u00e9cisif pour la formation maritime nationale<\/em><\/strong><\/p>\n\n\n\n<p>Les d\u00e9cisions prises aujourd\u2019hui dans le cadre du recrutement des directeurs adjoints engageront durablement l\u2019avenir de l\u2019ensemble de l\u2019\u00e9cosyst\u00e8me maritime marocain.<\/p>\n\n\n\n<p>Pour garantir la stabilit\u00e9 du pavillon marocain, la reconnaissance internationale des brevets et la comp\u00e9titivit\u00e9 des officiers nationaux, il est indispensable que les responsabilit\u00e9s li\u00e9es \u00e0 la formation, \u00e0 la supervision et \u00e0 l\u2019\u00e9valuation soient confi\u00e9es \u00e0 des profils r\u00e9pondant strictement aux exigences de la Convention STCW.<\/p>\n\n\n\n<p>Maintenir cet alignement n\u2019est pas une simple formalit\u00e9&nbsp;: c\u2019est un imp\u00e9ratif strat\u00e9gique, essentiel \u00e0 la protection et \u00e0 la valorisation du secteur maritime marocain.<\/p>\n","protected":false},"excerpt":{"rendered":"<p>L\u2019Institut Sup\u00e9rieur d\u2019\u00c9tudes Maritimes (ISEM), pierre angulaire de la formation des officiers de la Marine marchande au Maroc, se trouve aujourd\u2019hui au centre de l\u2019attention des professionnels du secteur. Dans un contexte international exigeant, marqu\u00e9 par la rigueur des normes de la Convention STCW de l\u2019Organisation Maritime Internationale (OMI), la vacance de deux postes strat\u00e9giques &hellip;<\/p>\n","protected":false},"author":9,"featured_media":40922,"comment_status":"open","ping_status":"closed","sticky":false,"template":"","format":"standard","meta":{"footnotes":""},"categories":[37],"tags":[],"class_list":["post-40931","post","type-post","status-publish","format-standard","has-post-thumbnail","hentry","category-formation"],"_links":{"self":[{"href":"https:\/\/letempsmag.ma\/index.php?rest_route=\/wp\/v2\/posts\/40931","targetHints":{"allow":["GET"]}}],"collection":[{"href":"https:\/\/letempsmag.ma\/index.php?rest_route=\/wp\/v2\/posts"}],"about":[{"href":"https:\/\/letempsmag.ma\/index.php?rest_route=\/wp\/v2\/types\/post"}],"author":[{"embeddable":true,"href":"https:\/\/letempsmag.ma\/index.php?rest_route=\/wp\/v2\/users\/9"}],"replies":[{"embeddable":true,"href":"https:\/\/letempsmag.ma\/index.php?rest_route=%2Fwp%2Fv2%2Fcomments&post=40931"}],"version-history":[{"count":1,"href":"https:\/\/letempsmag.ma\/index.php?rest_route=\/wp\/v2\/posts\/40931\/revisions"}],"predecessor-version":[{"id":40932,"href":"https:\/\/letempsmag.ma\/index.php?rest_route=\/wp\/v2\/posts\/40931\/revisions\/40932"}],"wp:featuredmedia":[{"embeddable":true,"href":"https:\/\/letempsmag.ma\/index.php?rest_route=\/wp\/v2\/media\/40922"}],"wp:attachment":[{"href":"https:\/\/letempsmag.ma\/index.php?rest_route=%2Fwp%2Fv2%2Fmedia&parent=40931"}],"wp:term":[{"taxonomy":"category","embeddable":true,"href":"https:\/\/letempsmag.ma\/index.php?rest_route=%2Fwp%2Fv2%2Fcategories&post=40931"},{"taxonomy":"post_tag","embeddable":true,"href":"https:\/\/letempsmag.ma\/index.php?rest_route=%2Fwp%2Fv2%2Ftags&post=40931"}],"curies":[{"name":"wp","href":"https:\/\/api.w.org\/{rel}","templated":true}]}}