{"id":40911,"date":"2025-12-13T11:33:41","date_gmt":"2025-12-13T10:33:41","guid":{"rendered":"https:\/\/letempsmag.ma\/?p=40911"},"modified":"2025-12-13T11:33:41","modified_gmt":"2025-12-13T10:33:41","slug":"le-maroc-son-tourismeson-cinema","status":"publish","type":"post","link":"https:\/\/letempsmag.ma\/?p=40911","title":{"rendered":"Le Maroc, son tourisme,son cin\u00e9ma\u2026"},"content":{"rendered":"\n<p>Actuellement, c\u2019est un v\u00e9ritable pl\u00e9biscite international pour le Maroc aux plans du tourisme, de l\u2019industrie cin\u00e9matographique et des r\u00e9alisations sportives. De quoi conforter l\u2019image d\u2019un Royaume sans cesse en marche vers le progr\u00e8s et le d\u00e9veloppement. Deux nouvelles actualit\u00e9s r\u00e9centes sont venues r\u00e9affirmer cette \u00e9vidence. Elles sont le fait du prestigieux magazine autrichien \u00abDiplomatic Society\u00bb et du c\u00e9l\u00e8bre magazine am\u00e9ricain \u00abVariety\u00bb.<\/p>\n\n\n\n<p>Dans sa derni\u00e8re livraison, \u00abDiplomatic Society\u00bb souligne qu\u2019\u00e0 la faveur de la Vision de S.M. le Roi Mohammed VI, le Maroc s\u2019est impos\u00e9 comme destination touristique de premier plan et pays le plus visit\u00e9 d\u2019Afrique. Citant le Secr\u00e9taire G\u00e9n\u00e9ral d\u2019ONU Tourisme, Zurab Pololikashvili, la publication \u00e0 large lectorat anglophone et germanophone, note que le Maroc est aujourd\u2019hui consid\u00e9r\u00e9 non seulement comme une destination touristique majeure, mais aussi comme un mod\u00e8le mondial en mati\u00e8re de tourisme durable et d\u2019investissement. En 2024, le pays s\u2019est impos\u00e9, pour la toute premi\u00e8re fois, comme premi\u00e8re destination en Afrique, avec un record de pr\u00e8s de 18 millions de visiteurs.<\/p>\n\n\n\n<p>Pour sa part, \u00abVariety\u00bb pl\u00e9biscite fortement l\u2019industrie du film au Maroc. La c\u00e9l\u00e8bre revue sp\u00e9cialis\u00e9e met en avant les atouts de l&#8217;industrie cin\u00e9matographique florissante du Royaume, soulignant notamment le r\u00f4le du Festival International du Film de Marrakech en tant que vecteur du rayonnement du cin\u00e9ma marocain et carrefour de soutien aux talents \u00e9mergents. Le m\u00e9dia am\u00e9ricain \u00e0 fort tirage rappelle que ce festival mondial s&#8217;est d\u00e9velopp\u00e9 parall\u00e8lement \u00e0 l&#8217;essor de l&#8217;industrie cin\u00e9matographique nationale. Lorsque le FIFM a d\u00e9marr\u00e9 en 2001, la sc\u00e8ne locale ne produisait que 5 films par an. Aujourd&#8217;hui, ce chiffre est pass\u00e9 \u00e0 environ 40 \u0153uvres. De quoi souligner mettre en \u00e9vidence la diversit\u00e9 des initiatives visant \u00e0 encourager et \u00e0 soutenir les nouvelles g\u00e9n\u00e9rations de talents marocains.<\/p>\n\n\n\n<p>Tourisme, cin\u00e9ma et&#8230; sport, bien \u00e9videmment aussi&nbsp;! La CAN le montre bien dans le sillage de l\u2019extraordinaire engouement pour le football, auquel on assiste en ce moment, \u00e0 quelques jours du d\u00e9marrage, chez nous, de la grande f\u00eate continentale du ballon rond.<\/p>\n","protected":false},"excerpt":{"rendered":"<p>Actuellement, c\u2019est un v\u00e9ritable pl\u00e9biscite international pour le Maroc aux plans du tourisme, de l\u2019industrie cin\u00e9matographique et des r\u00e9alisations sportives. De quoi conforter l\u2019image d\u2019un Royaume sans cesse en marche vers le progr\u00e8s et le d\u00e9veloppement. Deux nouvelles actualit\u00e9s r\u00e9centes sont venues r\u00e9affirmer cette \u00e9vidence. Elles sont le fait du prestigieux magazine autrichien \u00abDiplomatic Society\u00bb &hellip;<\/p>\n","protected":false},"author":9,"featured_media":39931,"comment_status":"open","ping_status":"closed","sticky":false,"template":"","format":"standard","meta":{"footnotes":""},"categories":[44],"tags":[],"class_list":["post-40911","post","type-post","status-publish","format-standard","has-post-thumbnail","hentry","category-edito"],"_links":{"self":[{"href":"https:\/\/letempsmag.ma\/index.php?rest_route=\/wp\/v2\/posts\/40911","targetHints":{"allow":["GET"]}}],"collection":[{"href":"https:\/\/letempsmag.ma\/index.php?rest_route=\/wp\/v2\/posts"}],"about":[{"href":"https:\/\/letempsmag.ma\/index.php?rest_route=\/wp\/v2\/types\/post"}],"author":[{"embeddable":true,"href":"https:\/\/letempsmag.ma\/index.php?rest_route=\/wp\/v2\/users\/9"}],"replies":[{"embeddable":true,"href":"https:\/\/letempsmag.ma\/index.php?rest_route=%2Fwp%2Fv2%2Fcomments&post=40911"}],"version-history":[{"count":1,"href":"https:\/\/letempsmag.ma\/index.php?rest_route=\/wp\/v2\/posts\/40911\/revisions"}],"predecessor-version":[{"id":40912,"href":"https:\/\/letempsmag.ma\/index.php?rest_route=\/wp\/v2\/posts\/40911\/revisions\/40912"}],"wp:featuredmedia":[{"embeddable":true,"href":"https:\/\/letempsmag.ma\/index.php?rest_route=\/wp\/v2\/media\/39931"}],"wp:attachment":[{"href":"https:\/\/letempsmag.ma\/index.php?rest_route=%2Fwp%2Fv2%2Fmedia&parent=40911"}],"wp:term":[{"taxonomy":"category","embeddable":true,"href":"https:\/\/letempsmag.ma\/index.php?rest_route=%2Fwp%2Fv2%2Fcategories&post=40911"},{"taxonomy":"post_tag","embeddable":true,"href":"https:\/\/letempsmag.ma\/index.php?rest_route=%2Fwp%2Fv2%2Ftags&post=40911"}],"curies":[{"name":"wp","href":"https:\/\/api.w.org\/{rel}","templated":true}]}}