{"id":40864,"date":"2025-12-12T09:04:12","date_gmt":"2025-12-12T08:04:12","guid":{"rendered":"https:\/\/letempsmag.ma\/?p=40864"},"modified":"2025-12-12T09:04:13","modified_gmt":"2025-12-12T08:04:13","slug":"le-caftan-marocain-inscrit-au-patrimoine-culturel-immateriel-de-lunesco","status":"publish","type":"post","link":"https:\/\/letempsmag.ma\/?p=40864","title":{"rendered":"Le Caftan marocain inscrit au Patrimoine culturel immat\u00e9riel de l&#8217;UNESCO"},"content":{"rendered":"\n<p>Le Caftan marocain a \u00e9t\u00e9 inscrit, mercredi dernier \u00e0 New Delhi (Inde), sur la liste du Patrimoine culturel immat\u00e9riel de l&#8217;Humanit\u00e9, lors de la vingti\u00e8me session du Comit\u00e9 intergouvernemental de sauvegarde du patrimoine culturel immat\u00e9riel de l\u2019UNESCO.<\/p>\n\n\n\n<p>Cette inscription est une reconnaissance internationale du g\u00e9nie artistique et du savoir-faire s\u00e9culaire du Maroc, mais \u00e9galement de la capacit\u00e9 du Royaume \u00e0 pr\u00e9server, valoriser et transmettre ses traditions. Elle vient couronner les efforts constants d\u00e9ploy\u00e9s par le Maroc, sous la conduite \u00e9clair\u00e9e de S.M. le Roi Mohammed VI dans le domaine de la pr\u00e9servation et de la conservation du patrimoine culturel marocain.<\/p>\n\n\n\n<p>Parmi le large \u00e9ventail de la mosa\u00efque culturelle marocaine, le caftan est une cl\u00e9 de vo\u00fbte. Sa valeur historique, enracin\u00e9e dans des si\u00e8cles de pratiques, se combine \u00e0 son importance sociale. Symbole d\u2019identit\u00e9, de coh\u00e9sion sociale, de diversit\u00e9 culturelle et r\u00e9gionale, le caftan est un v\u00e9ritable \u00abfait social total\u00bb, associant l&#8217;ensemble de la communaut\u00e9 dans sa conception, sa r\u00e9alisation et son usage au quotidien.<\/p>\n","protected":false},"excerpt":{"rendered":"<p>Le Caftan marocain a \u00e9t\u00e9 inscrit, mercredi dernier \u00e0 New Delhi (Inde), sur la liste du Patrimoine culturel immat\u00e9riel de l&#8217;Humanit\u00e9, lors de la vingti\u00e8me session du Comit\u00e9 intergouvernemental de sauvegarde du patrimoine culturel immat\u00e9riel de l\u2019UNESCO. Cette inscription est une reconnaissance internationale du g\u00e9nie artistique et du savoir-faire s\u00e9culaire du Maroc, mais \u00e9galement de &hellip;<\/p>\n","protected":false},"author":9,"featured_media":40846,"comment_status":"open","ping_status":"closed","sticky":false,"template":"","format":"standard","meta":{"footnotes":""},"categories":[1598],"tags":[],"class_list":["post-40864","post","type-post","status-publish","format-standard","has-post-thumbnail","hentry","category-art-et-tradition"],"_links":{"self":[{"href":"https:\/\/letempsmag.ma\/index.php?rest_route=\/wp\/v2\/posts\/40864","targetHints":{"allow":["GET"]}}],"collection":[{"href":"https:\/\/letempsmag.ma\/index.php?rest_route=\/wp\/v2\/posts"}],"about":[{"href":"https:\/\/letempsmag.ma\/index.php?rest_route=\/wp\/v2\/types\/post"}],"author":[{"embeddable":true,"href":"https:\/\/letempsmag.ma\/index.php?rest_route=\/wp\/v2\/users\/9"}],"replies":[{"embeddable":true,"href":"https:\/\/letempsmag.ma\/index.php?rest_route=%2Fwp%2Fv2%2Fcomments&post=40864"}],"version-history":[{"count":1,"href":"https:\/\/letempsmag.ma\/index.php?rest_route=\/wp\/v2\/posts\/40864\/revisions"}],"predecessor-version":[{"id":40865,"href":"https:\/\/letempsmag.ma\/index.php?rest_route=\/wp\/v2\/posts\/40864\/revisions\/40865"}],"wp:featuredmedia":[{"embeddable":true,"href":"https:\/\/letempsmag.ma\/index.php?rest_route=\/wp\/v2\/media\/40846"}],"wp:attachment":[{"href":"https:\/\/letempsmag.ma\/index.php?rest_route=%2Fwp%2Fv2%2Fmedia&parent=40864"}],"wp:term":[{"taxonomy":"category","embeddable":true,"href":"https:\/\/letempsmag.ma\/index.php?rest_route=%2Fwp%2Fv2%2Fcategories&post=40864"},{"taxonomy":"post_tag","embeddable":true,"href":"https:\/\/letempsmag.ma\/index.php?rest_route=%2Fwp%2Fv2%2Ftags&post=40864"}],"curies":[{"name":"wp","href":"https:\/\/api.w.org\/{rel}","templated":true}]}}