{"id":40862,"date":"2025-12-12T09:03:13","date_gmt":"2025-12-12T08:03:13","guid":{"rendered":"https:\/\/letempsmag.ma\/?p=40862"},"modified":"2025-12-12T09:03:14","modified_gmt":"2025-12-12T08:03:14","slug":"evernex-renforce-son-hub-marocain-avec-lacquisition-de-sunrise-technologies","status":"publish","type":"post","link":"https:\/\/letempsmag.ma\/?p=40862","title":{"rendered":"Evernex renforce son hub marocain avec l\u2019acquisition de Sunrise Technologies"},"content":{"rendered":"\n<p>Evernex franchit une nouvelle \u00e9tape strat\u00e9gique au Maroc gr\u00e2ce \u00e0 l\u2019acquisition de Sunrise Technologies, op\u00e9ration soutenue par 3i Group. Leader mondial de la maintenance de data centers, Evernex consolide ainsi son hub r\u00e9gional install\u00e9 \u00e0 Casablanca, l\u2019un de ses trois Centres de Services Partag\u00e9s mondiaux. Cette int\u00e9gration permettra d\u2019\u00e9largir son portefeuille technologique, d\u2019accro\u00eetre ses capacit\u00e9s d\u2019ing\u00e9nierie et de renforcer la qualit\u00e9 de ses services premium sur la r\u00e9gion EMEA (Europe, Middle East et Africa)<\/p>\n\n\n\n<p>Sunrise Technologies, reconnue pour son expertise avanc\u00e9e sur les syst\u00e8mes de stockage IBM et les environnements VMware, apporte une valeur ajout\u00e9e significative au dispositif d\u2019Evernex. Cette acquisition, la huiti\u00e8me depuis l\u2019entr\u00e9e de 3i au capital en 2019, s\u2019inscrit dans la strat\u00e9gie du groupe visant \u00e0 soutenir la fiabilit\u00e9 et la durabilit\u00e9 des infrastructures IT critiques.<\/p>\n\n\n\n<p>Les dirigeants saluent unanimement une op\u00e9ration structurante. Stanislas Pilot, Pr\u00e9sident Directeur G\u00e9n\u00e9ral d\u2019Evernex, voit dans cette int\u00e9gration un moyen de renforcer la pr\u00e9sence du groupe dans une r\u00e9gion cl\u00e9. Mohamed Bella, Deputy CEO, souligne l\u2019apport d\u00e9cisif des comp\u00e9tences de Sunrise pour consolider le leadership d\u2019Evernex sur la zone MEA. De son c\u00f4t\u00e9, Marc Ohayon, Associ\u00e9 chez 3i, confirme que cette acquisition s\u2019inscrit pleinement dans la vision d\u2019une plateforme mondiale int\u00e9gr\u00e9e de maintenance des data centers.<\/p>\n\n\n\n<p>Depuis plus de 13 ans, Evernex Maroc, dirig\u00e9 par Mohamed Bella Deputy CEO, et Mounsef Ben Haddouch, Vice-Pr\u00e9sident Global Sales Excellence &amp; MD Afrique, s\u2019impose comme un acteur majeur du continent, tout en contribuant \u00e0 la formation de jeunes talents via sa Sales Academy. Le renforcement du centre de services partag\u00e9s vient conforter son r\u00f4le cl\u00e9 dans le d\u00e9ploiement international du groupe.<\/p>\n\n\n\n<p><strong>L. F.<\/strong><\/p>\n","protected":false},"excerpt":{"rendered":"<p>Evernex franchit une nouvelle \u00e9tape strat\u00e9gique au Maroc gr\u00e2ce \u00e0 l\u2019acquisition de Sunrise Technologies, op\u00e9ration soutenue par 3i Group. Leader mondial de la maintenance de data centers, Evernex consolide ainsi son hub r\u00e9gional install\u00e9 \u00e0 Casablanca, l\u2019un de ses trois Centres de Services Partag\u00e9s mondiaux. Cette int\u00e9gration permettra d\u2019\u00e9largir son portefeuille technologique, d\u2019accro\u00eetre ses capacit\u00e9s &hellip;<\/p>\n","protected":false},"author":9,"featured_media":40847,"comment_status":"open","ping_status":"closed","sticky":false,"template":"","format":"standard","meta":{"footnotes":""},"categories":[57],"tags":[],"class_list":["post-40862","post","type-post","status-publish","format-standard","has-post-thumbnail","hentry","category-strategie"],"_links":{"self":[{"href":"https:\/\/letempsmag.ma\/index.php?rest_route=\/wp\/v2\/posts\/40862","targetHints":{"allow":["GET"]}}],"collection":[{"href":"https:\/\/letempsmag.ma\/index.php?rest_route=\/wp\/v2\/posts"}],"about":[{"href":"https:\/\/letempsmag.ma\/index.php?rest_route=\/wp\/v2\/types\/post"}],"author":[{"embeddable":true,"href":"https:\/\/letempsmag.ma\/index.php?rest_route=\/wp\/v2\/users\/9"}],"replies":[{"embeddable":true,"href":"https:\/\/letempsmag.ma\/index.php?rest_route=%2Fwp%2Fv2%2Fcomments&post=40862"}],"version-history":[{"count":1,"href":"https:\/\/letempsmag.ma\/index.php?rest_route=\/wp\/v2\/posts\/40862\/revisions"}],"predecessor-version":[{"id":40863,"href":"https:\/\/letempsmag.ma\/index.php?rest_route=\/wp\/v2\/posts\/40862\/revisions\/40863"}],"wp:featuredmedia":[{"embeddable":true,"href":"https:\/\/letempsmag.ma\/index.php?rest_route=\/wp\/v2\/media\/40847"}],"wp:attachment":[{"href":"https:\/\/letempsmag.ma\/index.php?rest_route=%2Fwp%2Fv2%2Fmedia&parent=40862"}],"wp:term":[{"taxonomy":"category","embeddable":true,"href":"https:\/\/letempsmag.ma\/index.php?rest_route=%2Fwp%2Fv2%2Fcategories&post=40862"},{"taxonomy":"post_tag","embeddable":true,"href":"https:\/\/letempsmag.ma\/index.php?rest_route=%2Fwp%2Fv2%2Ftags&post=40862"}],"curies":[{"name":"wp","href":"https:\/\/api.w.org\/{rel}","templated":true}]}}