{"id":40860,"date":"2025-12-12T09:00:42","date_gmt":"2025-12-12T08:00:42","guid":{"rendered":"https:\/\/letempsmag.ma\/?p=40860"},"modified":"2025-12-12T09:00:42","modified_gmt":"2025-12-12T08:00:42","slug":"voici-la-liste-des-lions-de-latlas-retenus-par-walid-regragui-pour-la-can-2025","status":"publish","type":"post","link":"https:\/\/letempsmag.ma\/?p=40860","title":{"rendered":"Voici la liste des Lions de l\u2019Atlas retenus par Walid Regragui pour la CAN 2025"},"content":{"rendered":"\n<p>La liste finale de l\u2019\u00e9quipe du Maroc, publi\u00e9e hier par le s\u00e9lectionneur national Walid Regragui en pr\u00e9vision de la Coupe d\u2019Afrique des Nations (CAN) n\u2019a pas r\u00e9serv\u00e9 de grandes surprises, sauf la mise de l\u2019attaquant Hamza Igamane sur la liste de r\u00e9serve pour blessure. L\u2019absence \u00e9ventuelle de ce joueur qui fait les beaux jours de la formation fran\u00e7aise de Lille cette saison, est un coup dur pour la ligne offensive des Lions de l\u2019Atlas. \u00abHamza est touch\u00e9 aux adducteurs depuis la r\u00e9ception de l\u2019Olympique Marseille vendredi dernier. C\u2019est une blessure qui est souvent al\u00e9atoire, ce qui fait que c\u2019est difficile de donner une dur\u00e9e pr\u00e9cise de son absence\u00bb, avait affirm\u00e9 son entra\u00eeneur \u00e0 Lille Bruno Genesio.<\/p>\n\n\n\n<p>Walid Regragui a convoqu\u00e9 les joueurs ayant disput\u00e9 les derniers matches amicaux et officiels des Lions de l\u2019Atlas, mais surtout le v\u00e9t\u00e9ran Roman Sa\u00efs, appel\u00e9 \u00e0 pr\u00eater main forte \u00e0 la d\u00e9fense marocaine, aux c\u00f4t\u00e9s de Nayef Aguered, qui revient \u00e9galement de d\u2019une blessure.<\/p>\n\n\n\n<p>Si les gardiens de but Yassine Bounou et Mounir El Kajoui font logiquement partie de cette liste, la convocation de Mehdi Lahrar confirme la mont\u00e9e en puissance du portier du Raja de Casablanca. De son c\u00f4t\u00e9, le lat\u00e9ral droit du Paris Saint-Germain, Achraf Hakimi, qui se r\u00e9tablit d\u2019une blessure, court apr\u00e8s le temps afin d\u2019\u00eatre pr\u00e9sent d\u00e8s le coup d\u2019envoi de la comp\u00e9tition continentale, pr\u00e9vue du 21 d\u00e9cembre courant au 18 janvier prochain.<\/p>\n\n\n\n<p>La liste se distingue \u00e9galement par la convocation du lat\u00e9ral gauche du PSV Eindhoven, Anass Salah-Eddine, auteur de prestations remarquables avec le club n\u00e9erlandais, notamment en Ligue des Champions.<\/p>\n\n\n\n<p>Quant \u00e0 la ligne m\u00e9diane des Lions de l\u2019Atlas, les cadors seront tous pr\u00e9sents, \u00e0 l\u2019image de Sofiane Amrabat, Azzeddine Ounahi et Ismael Saibari, tandis que les espoirs du public marocain seront sur les \u00e9paules de huit attaquants, appel\u00e9s \u00e0 \u00e9crire l\u2019histoire lors de cette CAN. Le Maroc \u00e9voluera dans le groupe \u00abA\u00bb de la CAN aux c\u00f4t\u00e9s des Comores, du Mali et de la Zambie. (Photo&nbsp;: Media24).<\/p>\n","protected":false},"excerpt":{"rendered":"<p>La liste finale de l\u2019\u00e9quipe du Maroc, publi\u00e9e hier par le s\u00e9lectionneur national Walid Regragui en pr\u00e9vision de la Coupe d\u2019Afrique des Nations (CAN) n\u2019a pas r\u00e9serv\u00e9 de grandes surprises, sauf la mise de l\u2019attaquant Hamza Igamane sur la liste de r\u00e9serve pour blessure. L\u2019absence \u00e9ventuelle de ce joueur qui fait les beaux jours de &hellip;<\/p>\n","protected":false},"author":9,"featured_media":40842,"comment_status":"open","ping_status":"closed","sticky":false,"template":"","format":"standard","meta":{"footnotes":""},"categories":[50],"tags":[],"class_list":["post-40860","post","type-post","status-publish","format-standard","has-post-thumbnail","hentry","category-football"],"_links":{"self":[{"href":"https:\/\/letempsmag.ma\/index.php?rest_route=\/wp\/v2\/posts\/40860","targetHints":{"allow":["GET"]}}],"collection":[{"href":"https:\/\/letempsmag.ma\/index.php?rest_route=\/wp\/v2\/posts"}],"about":[{"href":"https:\/\/letempsmag.ma\/index.php?rest_route=\/wp\/v2\/types\/post"}],"author":[{"embeddable":true,"href":"https:\/\/letempsmag.ma\/index.php?rest_route=\/wp\/v2\/users\/9"}],"replies":[{"embeddable":true,"href":"https:\/\/letempsmag.ma\/index.php?rest_route=%2Fwp%2Fv2%2Fcomments&post=40860"}],"version-history":[{"count":1,"href":"https:\/\/letempsmag.ma\/index.php?rest_route=\/wp\/v2\/posts\/40860\/revisions"}],"predecessor-version":[{"id":40861,"href":"https:\/\/letempsmag.ma\/index.php?rest_route=\/wp\/v2\/posts\/40860\/revisions\/40861"}],"wp:featuredmedia":[{"embeddable":true,"href":"https:\/\/letempsmag.ma\/index.php?rest_route=\/wp\/v2\/media\/40842"}],"wp:attachment":[{"href":"https:\/\/letempsmag.ma\/index.php?rest_route=%2Fwp%2Fv2%2Fmedia&parent=40860"}],"wp:term":[{"taxonomy":"category","embeddable":true,"href":"https:\/\/letempsmag.ma\/index.php?rest_route=%2Fwp%2Fv2%2Fcategories&post=40860"},{"taxonomy":"post_tag","embeddable":true,"href":"https:\/\/letempsmag.ma\/index.php?rest_route=%2Fwp%2Fv2%2Ftags&post=40860"}],"curies":[{"name":"wp","href":"https:\/\/api.w.org\/{rel}","templated":true}]}}