{"id":40856,"date":"2025-12-12T08:58:47","date_gmt":"2025-12-12T07:58:47","guid":{"rendered":"https:\/\/letempsmag.ma\/?p=40856"},"modified":"2025-12-12T08:58:47","modified_gmt":"2025-12-12T07:58:47","slug":"renault-group-maroc-et-ses-partenaires-sociaux-donnent-lexemple","status":"publish","type":"post","link":"https:\/\/letempsmag.ma\/?p=40856","title":{"rendered":"Renault Group Maroc et ses partenaires sociaux donnent l\u2019exemple"},"content":{"rendered":"\n<p>Renault Group Maroc a franchi, le 10 d\u00e9cembre dernier, une nouvelle \u00e9tape dans le renforcement de son cadre social gr\u00e2ce \u00e0 la signature de conventions collectives avec ses partenaires sociaux.<\/p>\n\n\n\n<p>\u00c0 travers ces conventions, le Groupe automobile r\u00e9affirme sa volont\u00e9 de consolider son mod\u00e8le social et son engagement \u00e0 d\u00e9velopper un dialogue structur\u00e9, exemplaire et durable. Les accords ont \u00e9t\u00e9 conclus avec l\u2019ensemble des partenaires sociaux&nbsp; du Groupe au Maroc&nbsp;: Conf\u00e9d\u00e9ration D\u00e9mocratique du Travail (CDT) pour l\u2019usine de la SOMACA et Renault Commerce Maroc, et l\u2019Union Marocaine du Travail (UMT) pour l\u2019usine de Tanger.<\/p>\n\n\n\n<p>La CGEM, le minist\u00e8re de l\u2019Inclusion \u00e9conomique, de la Petite Entreprise, de l\u2019Emploi et des Comp\u00e9tences et le minist\u00e8re de l\u2019Industrie et du Commerce ont parrain\u00e9 la c\u00e9r\u00e9monie en pr\u00e9sence du top-management de Renault Group Maroc.<\/p>\n","protected":false},"excerpt":{"rendered":"<p>Renault Group Maroc a franchi, le 10 d\u00e9cembre dernier, une nouvelle \u00e9tape dans le renforcement de son cadre social gr\u00e2ce \u00e0 la signature de conventions collectives avec ses partenaires sociaux. \u00c0 travers ces conventions, le Groupe automobile r\u00e9affirme sa volont\u00e9 de consolider son mod\u00e8le social et son engagement \u00e0 d\u00e9velopper un dialogue structur\u00e9, exemplaire et &hellip;<\/p>\n","protected":false},"author":9,"featured_media":40843,"comment_status":"open","ping_status":"closed","sticky":false,"template":"","format":"standard","meta":{"footnotes":""},"categories":[1087],"tags":[],"class_list":["post-40856","post","type-post","status-publish","format-standard","has-post-thumbnail","hentry","category-entreprises"],"_links":{"self":[{"href":"https:\/\/letempsmag.ma\/index.php?rest_route=\/wp\/v2\/posts\/40856","targetHints":{"allow":["GET"]}}],"collection":[{"href":"https:\/\/letempsmag.ma\/index.php?rest_route=\/wp\/v2\/posts"}],"about":[{"href":"https:\/\/letempsmag.ma\/index.php?rest_route=\/wp\/v2\/types\/post"}],"author":[{"embeddable":true,"href":"https:\/\/letempsmag.ma\/index.php?rest_route=\/wp\/v2\/users\/9"}],"replies":[{"embeddable":true,"href":"https:\/\/letempsmag.ma\/index.php?rest_route=%2Fwp%2Fv2%2Fcomments&post=40856"}],"version-history":[{"count":1,"href":"https:\/\/letempsmag.ma\/index.php?rest_route=\/wp\/v2\/posts\/40856\/revisions"}],"predecessor-version":[{"id":40857,"href":"https:\/\/letempsmag.ma\/index.php?rest_route=\/wp\/v2\/posts\/40856\/revisions\/40857"}],"wp:featuredmedia":[{"embeddable":true,"href":"https:\/\/letempsmag.ma\/index.php?rest_route=\/wp\/v2\/media\/40843"}],"wp:attachment":[{"href":"https:\/\/letempsmag.ma\/index.php?rest_route=%2Fwp%2Fv2%2Fmedia&parent=40856"}],"wp:term":[{"taxonomy":"category","embeddable":true,"href":"https:\/\/letempsmag.ma\/index.php?rest_route=%2Fwp%2Fv2%2Fcategories&post=40856"},{"taxonomy":"post_tag","embeddable":true,"href":"https:\/\/letempsmag.ma\/index.php?rest_route=%2Fwp%2Fv2%2Ftags&post=40856"}],"curies":[{"name":"wp","href":"https:\/\/api.w.org\/{rel}","templated":true}]}}