{"id":40854,"date":"2025-12-12T08:57:47","date_gmt":"2025-12-12T07:57:47","guid":{"rendered":"https:\/\/letempsmag.ma\/?p=40854"},"modified":"2025-12-12T08:57:47","modified_gmt":"2025-12-12T07:57:47","slug":"casa-color-une-ode-a-la-creativite-au-coeur-de-la-megapole","status":"publish","type":"post","link":"https:\/\/letempsmag.ma\/?p=40854","title":{"rendered":"Casa Color, une ode \u00e0 la cr\u00e9ativit\u00e9 au c\u0153ur de la m\u00e9gapole"},"content":{"rendered":"\n<p>Dans le c\u0153ur vibrant de Casablanca, un nouveau lieu d\u2019expression, de partage et d\u2019\u00e9motion voit le jour. Casa Color ouvre, en effet, officiellement sa premi\u00e8re boutique, pens\u00e9e comme un refuge de douceur o\u00f9 l\u2019art se vit, se d\u00e9couvre et se c\u00e9l\u00e8bre dans une atmosph\u00e8re chaleureuse et apaisante.<\/p>\n\n\n\n<p>N\u00e9e d\u2019un moment simple et lumineux, un instant de joie, de d\u00e9couverte et de complicit\u00e9, Casa Color est le fruit d\u2019une rencontre entre deux cr\u00e9atrices aux sensibilit\u00e9s compl\u00e9mentaires. Karima, ancienne \u00e9ducatrice aupr\u00e8s d\u2019enfants autistes et maman de deux gar\u00e7ons, et Laura, maman au foyer d\u00e9vou\u00e9e \u00e0 ses deux filles. Elles unissent aujourd\u2019hui leurs univers pour donner vie \u00e0 cet espace. Ensemble, elles donnent naissance \u00e0 un espace qui d\u00e9passe le cadre traditionnel de la boutique pour devenir un lieu de vie, un cocon cr\u00e9atif o\u00f9 chacun peut se reconnecter \u00e0 soi, laisser s\u2019exprimer son imagination et savourer de petits rituels de bien-\u00eatre.<\/p>\n\n\n\n<p>Casa Color introduit \u00e0 Casablanca une pratique artistique in\u00e9dite&nbsp;: le pouring painting appliqu\u00e9 aux figurines. Cette technique consiste \u00e0 verser de la peinture liquide sur des figurines oursons pour cr\u00e9er des \u0153uvres uniques, aux motifs fluides et vibrants. Chaque pi\u00e8ce devient une cr\u00e9ation singuli\u00e8re, fa\u00e7onn\u00e9e par le geste, la spontan\u00e9it\u00e9 et l\u2019\u00e9motion du moment. La boutique sera ainsi le premier lieu de la ville \u00e0 offrir une initiation immersive \u00e0 cet art ludique, accessible et profond\u00e9ment lib\u00e9rateur.<\/p>\n\n\n\n<p>L\u2019exp\u00e9rience se veut globale&nbsp;: cr\u00e9ativit\u00e9, gourmandises, gestes attentionn\u00e9s et sourires composent la signature Casa Color. Ici, on vient pour cr\u00e9er, mais aussi pour s\u2019accorder une parenth\u00e8se, partager un instant doux avec un proche ou d\u00e9couvrir une nouvelle mani\u00e8re d\u2019\u00eatre ensemble.<\/p>\n\n\n\n<p>Avec cette premi\u00e8re ouverture, Casa Color d\u00e9voile aussi une ambition plus large : celle d\u2019\u00e9tendre cet art de vivre \u00e0 d\u2019autres villes du Maroc. Des ouvertures sont d\u00e9j\u00e0 envisag\u00e9es \u00e0 Rabat, Dar Bouazza et au-del\u00e0, afin de proposer ces moments uniques \u00e0 un public encore plus large.<\/p>\n\n\n\n<p>Casa Color s\u2019impose ainsi comme un lieu singulier, \u00e0 mi-chemin entre atelier artistique, espace de d\u00e9tente et maison de partage, o\u00f9 chaque visiteur est invit\u00e9 \u00e0 cr\u00e9er, \u00e0 ressentir et \u00e0 se laisser toucher par la beaut\u00e9 du geste.<\/p>\n\n\n\n<p><strong><em>Informations pratiques<\/em><\/strong><\/p>\n\n\n\n<p>&#8211; Adresse&nbsp;: 24, rue Najib Mahfoud, Casablanca.<\/p>\n\n\n\n<p>&#8211; Dimanche \u00e0 jeudi&nbsp;: de 10h \u00e0 19h.<\/p>\n\n\n\n<p>&#8211; Vendredi et samedi&nbsp;: 10h \u00e0 21h.<\/p>\n\n\n\n<p>&#8211; Porte-cl\u00e9s (8 cm)&nbsp;: 180 DH.<\/p>\n\n\n\n<p>&#8211; Objets 23 cm&nbsp;: 250 DH.<\/p>\n\n\n\n<p>&#8211; Objets 53 cm&nbsp;: 350 DH.<\/p>\n","protected":false},"excerpt":{"rendered":"<p>Dans le c\u0153ur vibrant de Casablanca, un nouveau lieu d\u2019expression, de partage et d\u2019\u00e9motion voit le jour. Casa Color ouvre, en effet, officiellement sa premi\u00e8re boutique, pens\u00e9e comme un refuge de douceur o\u00f9 l\u2019art se vit, se d\u00e9couvre et se c\u00e9l\u00e8bre dans une atmosph\u00e8re chaleureuse et apaisante. N\u00e9e d\u2019un moment simple et lumineux, un instant &hellip;<\/p>\n","protected":false},"author":9,"featured_media":40844,"comment_status":"open","ping_status":"closed","sticky":false,"template":"","format":"standard","meta":{"footnotes":""},"categories":[225],"tags":[],"class_list":["post-40854","post","type-post","status-publish","format-standard","has-post-thumbnail","hentry","category-design"],"_links":{"self":[{"href":"https:\/\/letempsmag.ma\/index.php?rest_route=\/wp\/v2\/posts\/40854","targetHints":{"allow":["GET"]}}],"collection":[{"href":"https:\/\/letempsmag.ma\/index.php?rest_route=\/wp\/v2\/posts"}],"about":[{"href":"https:\/\/letempsmag.ma\/index.php?rest_route=\/wp\/v2\/types\/post"}],"author":[{"embeddable":true,"href":"https:\/\/letempsmag.ma\/index.php?rest_route=\/wp\/v2\/users\/9"}],"replies":[{"embeddable":true,"href":"https:\/\/letempsmag.ma\/index.php?rest_route=%2Fwp%2Fv2%2Fcomments&post=40854"}],"version-history":[{"count":1,"href":"https:\/\/letempsmag.ma\/index.php?rest_route=\/wp\/v2\/posts\/40854\/revisions"}],"predecessor-version":[{"id":40855,"href":"https:\/\/letempsmag.ma\/index.php?rest_route=\/wp\/v2\/posts\/40854\/revisions\/40855"}],"wp:featuredmedia":[{"embeddable":true,"href":"https:\/\/letempsmag.ma\/index.php?rest_route=\/wp\/v2\/media\/40844"}],"wp:attachment":[{"href":"https:\/\/letempsmag.ma\/index.php?rest_route=%2Fwp%2Fv2%2Fmedia&parent=40854"}],"wp:term":[{"taxonomy":"category","embeddable":true,"href":"https:\/\/letempsmag.ma\/index.php?rest_route=%2Fwp%2Fv2%2Fcategories&post=40854"},{"taxonomy":"post_tag","embeddable":true,"href":"https:\/\/letempsmag.ma\/index.php?rest_route=%2Fwp%2Fv2%2Ftags&post=40854"}],"curies":[{"name":"wp","href":"https:\/\/api.w.org\/{rel}","templated":true}]}}