{"id":40848,"date":"2025-12-12T08:53:03","date_gmt":"2025-12-12T07:53:03","guid":{"rendered":"https:\/\/letempsmag.ma\/?p=40848"},"modified":"2025-12-12T08:53:03","modified_gmt":"2025-12-12T07:53:03","slug":"renault-et-ford-creent-une-synergie-inedite","status":"publish","type":"post","link":"https:\/\/letempsmag.ma\/?p=40848","title":{"rendered":"Renault et Ford cr\u00e9ent une synergie in\u00e9dite"},"content":{"rendered":"\n<p>Renault Group et Ford ont annonc\u00e9 aujourd\u2019hui un partenariat strat\u00e9gique historique visant \u00e0 \u00e9largir l\u2019offre de v\u00e9hicules \u00e9lectriques de Ford destin\u00e9e aux clients europ\u00e9ens, renfor\u00e7ant consid\u00e9rablement la comp\u00e9titivit\u00e9 des deux entreprises dans un paysage automobile europ\u00e9en en rapide mutation.<\/p>\n\n\n\n<p>L\u2019un des \u00e9l\u00e9ments cl\u00e9s de cette collaboration est un accord de partenariat pour le d\u00e9veloppement de deux v\u00e9hicules \u00e9lectriques distincts de marque Ford. Les nouveaux mod\u00e8les, bas\u00e9s sur la plateforme Ampere, b\u00e9n\u00e9ficieront des solides atouts et de la comp\u00e9titivit\u00e9 de Renault Group en mati\u00e8re de v\u00e9hicules \u00e9lectriques. Ils seront produits par Renault Group dans le nord de la France, illustrant ainsi les comp\u00e9tences et l\u2019expertise industrielles de pointe du p\u00f4le ElectriCity d\u2019Ampere.<\/p>\n\n\n\n<p>Con\u00e7us par Ford et d\u00e9velopp\u00e9s avec Renault Group, les deux&nbsp; v\u00e9hicules offriront des prestations routi\u00e8res uniques, l\u2019ADN authentique de la marque Ford ainsi qu\u2019une exp\u00e9rience utilisateur intuitive. Ils marquent la premi\u00e8re \u00e9tape d\u2019une nouvelle offensive produit ambitieuse de Ford en Europe. Le premier des deux v\u00e9hicules est attendu en concession d\u00e9but 2028.<\/p>\n\n\n\n<p><strong><em>Mutualisation des comp\u00e9tences<\/em><\/strong><\/p>\n\n\n\n<p>En plus de leur collaboration sur les v\u00e9hicules \u00e9lectriques, Renault Group et Ford ont \u00e9galement sign\u00e9 une lettre d\u2019intention portant sur une coop\u00e9ration dans le domaine des v\u00e9hicules utilitaires l\u00e9gers (VUL) en Europe. Dans ce cadre, les partenaires exploreront la possibilit\u00e9 de d\u00e9velopper et de fabriquer ensemble certains VUL Renault et Ford.<\/p>\n\n\n\n<p>Fran\u00e7ois Provost, Directeur G\u00e9n\u00e9ral de Renault Group, confie&nbsp;: \u00abRenault Group est fier d\u2019annoncer une nouvelle coop\u00e9ration strat\u00e9gique avec Ford, un constructeur automobile iconique. Ce partenariat d\u00e9montre la force de notre savoir-faire en mati\u00e8re&nbsp; de&nbsp; partenariats et&nbsp; notre comp\u00e9titivit\u00e9 en Europe. \u00c0 long terme, combiner nos forces avec Ford nous rendra plus innovants et plus r\u00e9actifs sur un march\u00e9 automobile europ\u00e9en en mutation rapide\u00bb.<\/p>\n\n\n\n<p>Pour sa part, Jim Farley, Pr\u00e9sident et Directeur G\u00e9n\u00e9ral de Ford Motor Company, d\u00e9clare&nbsp;: \u00abCe partenariat strat\u00e9gique avec Renault Group constitue une \u00e9tape importante pour Ford et soutient notre strat\u00e9gie visant \u00e0 b\u00e2tir une activit\u00e9 hautement efficiente et adapt\u00e9e aux d\u00e9fis futurs en Europe. Nous allons associer l\u2019\u00e9chelle industrielle et les atouts de Renault Group dans le v\u00e9hicule \u00e9lectrique au design iconique et aux prestations routi\u00e8res sp\u00e9cifiques \u00e0 Ford pour cr\u00e9er des v\u00e9hicules ludiques, performants et qui incarnent l\u2019esprit Ford\u00bb.<\/p>\n\n\n\n<p><strong><em>Unir les deux forces<\/em><\/strong><\/p>\n\n\n\n<p>Les deux entreprises b\u00e9n\u00e9ficieront des capacit\u00e9s \u00e9prouv\u00e9es et de la comp\u00e9titivit\u00e9 de la plateforme Ampere de Renault Group, de son \u00e9cosyst\u00e8me de fabrication de v\u00e9hicules \u00e9lectriques et de ses installations industrielles dans le nord de la France (ElectriCity) pour produire deux nouveaux v\u00e9hicules \u00e9lectriques de marque Ford.<\/p>\n\n\n\n<p>En unissant leur expertise d\u2019acteurs europ\u00e9ens majeurs de l\u2019innovation, du design, des softwares et de la prestation de services, Renault Group et Ford auront pour objectif de relever les d\u00e9fis actuels du secteur et de mieux servir les clients tant sur le march\u00e9 des v\u00e9hicules particuliers que sur celui des v\u00e9hicules utilitaires.<\/p>\n\n\n\n<p>Le partenariat strat\u00e9gique entre Renault Group et Ford combinera des d\u00e9cennies d\u2019exp\u00e9rience dans le domaine des v\u00e9hicules utilitaires l\u00e9gers, l\u2019\u00e9chelle industrielle et le vaste tissu de fournisseurs des deux groupes, cr\u00e9ant ainsi une force formidable pour stimuler l\u2019innovation et l\u2019efficacit\u00e9 sur le march\u00e9 europ\u00e9en.<\/p>\n","protected":false},"excerpt":{"rendered":"<p>Renault Group et Ford ont annonc\u00e9 aujourd\u2019hui un partenariat strat\u00e9gique historique visant \u00e0 \u00e9largir l\u2019offre de v\u00e9hicules \u00e9lectriques de Ford destin\u00e9e aux clients europ\u00e9ens, renfor\u00e7ant consid\u00e9rablement la comp\u00e9titivit\u00e9 des deux entreprises dans un paysage automobile europ\u00e9en en rapide mutation. L\u2019un des \u00e9l\u00e9ments cl\u00e9s de cette collaboration est un accord de partenariat pour le d\u00e9veloppement de &hellip;<\/p>\n","protected":false},"author":9,"featured_media":40839,"comment_status":"open","ping_status":"closed","sticky":false,"template":"","format":"standard","meta":{"footnotes":""},"categories":[121],"tags":[],"class_list":["post-40848","post","type-post","status-publish","format-standard","has-post-thumbnail","hentry","category-automobile"],"_links":{"self":[{"href":"https:\/\/letempsmag.ma\/index.php?rest_route=\/wp\/v2\/posts\/40848","targetHints":{"allow":["GET"]}}],"collection":[{"href":"https:\/\/letempsmag.ma\/index.php?rest_route=\/wp\/v2\/posts"}],"about":[{"href":"https:\/\/letempsmag.ma\/index.php?rest_route=\/wp\/v2\/types\/post"}],"author":[{"embeddable":true,"href":"https:\/\/letempsmag.ma\/index.php?rest_route=\/wp\/v2\/users\/9"}],"replies":[{"embeddable":true,"href":"https:\/\/letempsmag.ma\/index.php?rest_route=%2Fwp%2Fv2%2Fcomments&post=40848"}],"version-history":[{"count":1,"href":"https:\/\/letempsmag.ma\/index.php?rest_route=\/wp\/v2\/posts\/40848\/revisions"}],"predecessor-version":[{"id":40849,"href":"https:\/\/letempsmag.ma\/index.php?rest_route=\/wp\/v2\/posts\/40848\/revisions\/40849"}],"wp:featuredmedia":[{"embeddable":true,"href":"https:\/\/letempsmag.ma\/index.php?rest_route=\/wp\/v2\/media\/40839"}],"wp:attachment":[{"href":"https:\/\/letempsmag.ma\/index.php?rest_route=%2Fwp%2Fv2%2Fmedia&parent=40848"}],"wp:term":[{"taxonomy":"category","embeddable":true,"href":"https:\/\/letempsmag.ma\/index.php?rest_route=%2Fwp%2Fv2%2Fcategories&post=40848"},{"taxonomy":"post_tag","embeddable":true,"href":"https:\/\/letempsmag.ma\/index.php?rest_route=%2Fwp%2Fv2%2Ftags&post=40848"}],"curies":[{"name":"wp","href":"https:\/\/api.w.org\/{rel}","templated":true}]}}