{"id":40837,"date":"2025-12-11T08:58:29","date_gmt":"2025-12-11T07:58:29","guid":{"rendered":"https:\/\/letempsmag.ma\/?p=40837"},"modified":"2025-12-11T08:58:30","modified_gmt":"2025-12-11T07:58:30","slug":"eric-dupond-moretti-sur-scene-au-maroc-avec-jai-dit-oui","status":"publish","type":"post","link":"https:\/\/letempsmag.ma\/?p=40837","title":{"rendered":"\u00c9ric Dupond-Moretti sur sc\u00e8ne au Maroc avec \u00abJ\u2019ai dit oui\u00a0!\u00bb"},"content":{"rendered":"\n<p>\u00c9ric Dupond-Moretti, ancien Garde des Sceaux fran\u00e7ais et figure embl\u00e9matique du Barreau, sera de retour au Maroc avec son spectacle \u00abJ\u2019ai dit oui !\u00bb.<\/p>\n\n\n\n<p>Mars Agency, en collaboration avec Live Sc\u00e8ne et K-WET Productions, propose trois repr\u00e9sentations exceptionnelles&nbsp;: le 19 d\u00e9cembre 2025 \u00e0 la salle Bahnini de Rabat, le 20 d\u00e9cembre au Studio des Arts Vivants de Casablanca, puis le 21 d\u00e9cembre au Meydene de Marrakech. Mis en sc\u00e8ne par Philippe Lellouche, ce one-man show, \u00e9crit par Dupond-Moretti lui-m\u00eame, plonge le public dans l\u2019itin\u00e9raire hors norme de celui que l\u2019on surnommait \u00abl\u2019Acquittator\u00bb, en r\u00e9f\u00e9rence au nombre record d\u2019acquittements obtenus au cours de sa carri\u00e8re.<\/p>\n\n\n\n<p>Apr\u00e8s avoir pass\u00e9 quatre ans \u00e0 la t\u00eate du minist\u00e8re de la Justice, l\u2019ancien t\u00e9nor du Barreau renoue avec la sc\u00e8ne, qu\u2019il avait d\u00e9couverte en 2019 pour partager, sur sc\u00e8ne, ses 36 ann\u00e9es de carri\u00e8re d\u2019avocat.&nbsp;<\/p>\n\n\n\n<p>Dans ce nouveau spectacle, il revient sur ses combats, ses dossiers embl\u00e9matiques et son passage au gouvernement, avec un m\u00e9lange d\u2019humour, de lucidit\u00e9 et d\u2019autod\u00e9rision. Anecdotes in\u00e9dites, r\u00e9flexions sur le pouvoir et regards sur une \u00e9poque qu\u2019il juge \u00abfolle\u00bb composent ce r\u00e9cit vivant et engag\u00e9.<\/p>\n\n\n\n<p>\u00c0 Paris, lors de la premi\u00e8re du spectacle, il confiait avoir ressenti \u00abbeaucoup de trac\u00bb mais surtout \u00abun immense plaisir de partager ce moment avec le public\u00bb. Un \u00e9tat d\u2019esprit qu\u2019il entend prolonger au Maroc o\u00f9 il propose une rencontre directe et sans filtre avec son histoire.<\/p>\n\n\n\n<p>Avec cet \u00e9v\u00e9nement, Mars Agency poursuit sa mission de proposer au public marocain des spectacles de qualit\u00e9, port\u00e9s par des figures majeures de la sc\u00e8ne culturelle et artistique.<\/p>\n\n\n\n<p><strong>L. F.<\/strong><\/p>\n","protected":false},"excerpt":{"rendered":"<p>\u00c9ric Dupond-Moretti, ancien Garde des Sceaux fran\u00e7ais et figure embl\u00e9matique du Barreau, sera de retour au Maroc avec son spectacle \u00abJ\u2019ai dit oui !\u00bb. Mars Agency, en collaboration avec Live Sc\u00e8ne et K-WET Productions, propose trois repr\u00e9sentations exceptionnelles&nbsp;: le 19 d\u00e9cembre 2025 \u00e0 la salle Bahnini de Rabat, le 20 d\u00e9cembre au Studio des Arts &hellip;<\/p>\n","protected":false},"author":9,"featured_media":40817,"comment_status":"open","ping_status":"closed","sticky":false,"template":"","format":"standard","meta":{"footnotes":""},"categories":[934],"tags":[],"class_list":["post-40837","post","type-post","status-publish","format-standard","has-post-thumbnail","hentry","category-spectacle"],"_links":{"self":[{"href":"https:\/\/letempsmag.ma\/index.php?rest_route=\/wp\/v2\/posts\/40837","targetHints":{"allow":["GET"]}}],"collection":[{"href":"https:\/\/letempsmag.ma\/index.php?rest_route=\/wp\/v2\/posts"}],"about":[{"href":"https:\/\/letempsmag.ma\/index.php?rest_route=\/wp\/v2\/types\/post"}],"author":[{"embeddable":true,"href":"https:\/\/letempsmag.ma\/index.php?rest_route=\/wp\/v2\/users\/9"}],"replies":[{"embeddable":true,"href":"https:\/\/letempsmag.ma\/index.php?rest_route=%2Fwp%2Fv2%2Fcomments&post=40837"}],"version-history":[{"count":1,"href":"https:\/\/letempsmag.ma\/index.php?rest_route=\/wp\/v2\/posts\/40837\/revisions"}],"predecessor-version":[{"id":40838,"href":"https:\/\/letempsmag.ma\/index.php?rest_route=\/wp\/v2\/posts\/40837\/revisions\/40838"}],"wp:featuredmedia":[{"embeddable":true,"href":"https:\/\/letempsmag.ma\/index.php?rest_route=\/wp\/v2\/media\/40817"}],"wp:attachment":[{"href":"https:\/\/letempsmag.ma\/index.php?rest_route=%2Fwp%2Fv2%2Fmedia&parent=40837"}],"wp:term":[{"taxonomy":"category","embeddable":true,"href":"https:\/\/letempsmag.ma\/index.php?rest_route=%2Fwp%2Fv2%2Fcategories&post=40837"},{"taxonomy":"post_tag","embeddable":true,"href":"https:\/\/letempsmag.ma\/index.php?rest_route=%2Fwp%2Fv2%2Ftags&post=40837"}],"curies":[{"name":"wp","href":"https:\/\/api.w.org\/{rel}","templated":true}]}}