{"id":40833,"date":"2025-12-11T08:56:59","date_gmt":"2025-12-11T07:56:59","guid":{"rendered":"https:\/\/letempsmag.ma\/?p=40833"},"modified":"2025-12-11T08:57:00","modified_gmt":"2025-12-11T07:57:00","slug":"megarama-ouvre-a-rabat-sa-premiere-salle-imax","status":"publish","type":"post","link":"https:\/\/letempsmag.ma\/?p=40833","title":{"rendered":"Megarama ouvre \u00e0 Rabat sa premi\u00e8re salle IMAX"},"content":{"rendered":"\n<p>Megarama Maroc franchit une nouvelle \u00e9tape dans son d\u00e9veloppement avec l\u2019inauguration, le 17 d\u00e9cembre prochain au Arribat Center, \u00e0 Rabat, de sa premi\u00e8re salle IMAX avec laser de la capitale. Cette ouverture marque la volont\u00e9 du groupe d\u2019offrir au public marocain des technologies de projection parmi les plus avanc\u00e9es au monde.<\/p>\n\n\n\n<p>Dot\u00e9e d\u2019une capacit\u00e9 de 150 places, la salle promet une immersion totale : image d\u2019une pr\u00e9cision exceptionnelle, \u00e9cran incurv\u00e9 envahissant le champ de vision, couleurs intensifi\u00e9es et contrastes profonds, sans oublier un syst\u00e8me audio multicanal qui enveloppe enti\u00e8rement le spectateur. Pens\u00e9e comme une exp\u00e9rience sensorielle compl\u00e8te, l\u2019IMAX rapproche le public de l\u2019action, des personnages et de la mise en sc\u00e8ne.<\/p>\n\n\n\n<p>Cette inauguration co\u00efncide avec la sortie nationale de \u00abAvatar&nbsp;: de feu et de cendres\u00bb, troisi\u00e8me opus de la saga mondiale de James Cameron. Attendu comme un \u00e9v\u00e9nement cin\u00e9matographique plan\u00e9taire, ce nouveau chapitre repousse encore les limites visuelles et narratives de l\u2019univers de Pandora. Projet\u00e9 en IMAX, il offrira aux spectateurs de Rabat une immersion optimale, fid\u00e8le aux ambitions technologiques du r\u00e9alisateur.<\/p>\n\n\n\n<p>\u00abAvec l\u2019ouverture de cette salle IMAX \u00e0 Rabat, nous franchissons une nouvelle \u00e9tape dans notre mission&nbsp;: offrir au public le meilleur du cin\u00e9ma mondial\u00bb, souligne Cyril Audineau, Country Manager de Megarama Maroc.<\/p>\n\n\n\n<p>Avec cette nouvelle implantation, Megarama poursuit l\u2019\u00e9largissement de son r\u00e9seau et confirme son r\u00f4le majeur dans la modernisation de l\u2019offre cin\u00e9matographique au Maroc.<\/p>\n\n\n\n<p><strong>L. F.<\/strong><\/p>\n","protected":false},"excerpt":{"rendered":"<p>Megarama Maroc franchit une nouvelle \u00e9tape dans son d\u00e9veloppement avec l\u2019inauguration, le 17 d\u00e9cembre prochain au Arribat Center, \u00e0 Rabat, de sa premi\u00e8re salle IMAX avec laser de la capitale. Cette ouverture marque la volont\u00e9 du groupe d\u2019offrir au public marocain des technologies de projection parmi les plus avanc\u00e9es au monde. Dot\u00e9e d\u2019une capacit\u00e9 de &hellip;<\/p>\n","protected":false},"author":9,"featured_media":40818,"comment_status":"open","ping_status":"closed","sticky":false,"template":"","format":"standard","meta":{"footnotes":""},"categories":[273],"tags":[],"class_list":["post-40833","post","type-post","status-publish","format-standard","has-post-thumbnail","hentry","category-cinema-2"],"_links":{"self":[{"href":"https:\/\/letempsmag.ma\/index.php?rest_route=\/wp\/v2\/posts\/40833","targetHints":{"allow":["GET"]}}],"collection":[{"href":"https:\/\/letempsmag.ma\/index.php?rest_route=\/wp\/v2\/posts"}],"about":[{"href":"https:\/\/letempsmag.ma\/index.php?rest_route=\/wp\/v2\/types\/post"}],"author":[{"embeddable":true,"href":"https:\/\/letempsmag.ma\/index.php?rest_route=\/wp\/v2\/users\/9"}],"replies":[{"embeddable":true,"href":"https:\/\/letempsmag.ma\/index.php?rest_route=%2Fwp%2Fv2%2Fcomments&post=40833"}],"version-history":[{"count":1,"href":"https:\/\/letempsmag.ma\/index.php?rest_route=\/wp\/v2\/posts\/40833\/revisions"}],"predecessor-version":[{"id":40834,"href":"https:\/\/letempsmag.ma\/index.php?rest_route=\/wp\/v2\/posts\/40833\/revisions\/40834"}],"wp:featuredmedia":[{"embeddable":true,"href":"https:\/\/letempsmag.ma\/index.php?rest_route=\/wp\/v2\/media\/40818"}],"wp:attachment":[{"href":"https:\/\/letempsmag.ma\/index.php?rest_route=%2Fwp%2Fv2%2Fmedia&parent=40833"}],"wp:term":[{"taxonomy":"category","embeddable":true,"href":"https:\/\/letempsmag.ma\/index.php?rest_route=%2Fwp%2Fv2%2Fcategories&post=40833"},{"taxonomy":"post_tag","embeddable":true,"href":"https:\/\/letempsmag.ma\/index.php?rest_route=%2Fwp%2Fv2%2Ftags&post=40833"}],"curies":[{"name":"wp","href":"https:\/\/api.w.org\/{rel}","templated":true}]}}