{"id":40820,"date":"2025-12-11T08:51:27","date_gmt":"2025-12-11T07:51:27","guid":{"rendered":"https:\/\/letempsmag.ma\/?p=40820"},"modified":"2025-12-11T08:51:28","modified_gmt":"2025-12-11T07:51:28","slug":"lancement-de-kessa-la-nouvelle-generation-de-storytellers-africains","status":"publish","type":"post","link":"https:\/\/letempsmag.ma\/?p=40820","title":{"rendered":"Lancement de \u00abKessa\u00bb, la nouvelle g\u00e9n\u00e9ration de storytellers africains"},"content":{"rendered":"\n<p>Story School, l\u2019\u00e9cole de communication de l\u2019Universit\u00e9 Mohammed VI Polytechnique UM6P en collaboration avec la French-African Foundation, annonce le lancement de \u00abKessa\u00bb le programme panafricain d\u00e9di\u00e9 \u00e0 l\u2019expression des nouveaux langages du r\u00e9cit Africain.<\/p>\n\n\n\n<p>\u00abKessa\u00bb est un programme in\u00e9dit d\u00e9di\u00e9 \u00e0 celles et ceux qui fa\u00e7onnent les r\u00e9cits africains d\u2019aujourd\u2019hui et de demain. Une r\u00e9sidence pens\u00e9e pour r\u00e9v\u00e9ler, former et connecter 30 talents \u00e9mergents du storytelling africain, cr\u00e9ateurs, journalistes, scientifiques, influenceurs, entrepreneurs culturels et voix m\u00e9diatiques engag\u00e9es dans la transformation du continent.<\/p>\n\n\n\n<p>Dans un contexte marqu\u00e9 par l\u2019essor des industries culturelles et cr\u00e9atives africaines, et par l\u2019importance croissante des narrations dans les dynamiques sociales et \u00e9conomiques, le terme \u00abKessa\u00bb, qui signifie \u00abhistoire\u00bb en arabe et dans plusieurs dialectes d\u2019Afrique, incarne cette articulation essentielle entre m\u00e9moire, patrimoine, voix et projection collective.<\/p>\n\n\n\n<p>Parce que raconter l\u2019Afrique, c\u2019est transformer des perceptions, fa\u00e7onner des futurs, reprogrammer l\u2019imaginaire, la r\u00e9sidence de storytelling artistique et culturelle panafricaine est lanc\u00e9e, o\u00f9 l\u2019Afrique imagine et raconte son avenir, o\u00f9 les langages africains du futur prennent forme. Pour la premi\u00e8re ann\u00e9e du programme, 30 nouvelles voix du continent seront s\u00e9lectionn\u00e9es pour int\u00e9grer ce laboratoire narratif et amplifier le r\u00e9cit africain.<\/p>\n\n\n\n<p>\u00ab\u00c0 la Story School nous sommes convaincus que pour changer les repr\u00e9sentations et porter les voix africaines, il faut raconter l\u2019Afrique autrement, dans toute sa diversit\u00e9 et sa cr\u00e9ativit\u00e9. En tant que laboratoire de communication, nous devons prendre toute notre part dans ce changement et offrir aux 30 laur\u00e9ats de \u00abKessa\u00bb une formation d\u2019excellence pour les aider \u00e0 amplifier leur voix\u00bb, explique Meriem Idrissi Kaitouni, Directrice de l\u2019UM6P Story School.<\/p>\n\n\n\n<p>\u00abAvec \u00abKessa\u00bb, nous accompagnons celles et ceux qui renouvellent les r\u00e9cits africains. Nous croyons que leur travail est essentiel pour construire une repr\u00e9sentation contemporaine, r\u00e9aliste, ambitieuse et positive du continent\u00bb, d\u00e9clare pour sa part Nachouat Meghouar, Directrice G\u00e9n\u00e9rale, French-African Foundation.<\/p>\n\n\n\n<p><strong><em>Exp\u00e9rimentation, rencontres et visibilit\u00e9 panafricaine<\/em><\/strong><\/p>\n\n\n\n<p>Le programme s\u2019adresse aux professionnels \u00e2g\u00e9s de 25 \u00e0 40ans, justifiant d\u2019au moins 5 ann\u00e9es d\u2019exp\u00e9rience et engag\u00e9s dans des pratiques li\u00e9es aux nouveaux langages africainsetaustorytellinget\u00e0l\u2019animationdecommunaut\u00e9s:cin\u00e9ma,s\u00e9ries,audiovisuel, litt\u00e9rature, po\u00e9sie, musique, danse, photographie, design, arts visuels, culture urbaine, m\u00e9dias, critique, narration num\u00e9rique, mus\u00e9ologie, archives, recherche, entrepreneuriat culturel, innovation sociale, sport, et autres disciplines associ\u00e9es\u2026 Cette nouvelle g\u00e9n\u00e9ration de talents sera encourag\u00e9e \u00e0 cr\u00e9er, relier, exp\u00e9rimenter ensemble. Du 23 au 28 mars 2026, les 30 laur\u00e9ats retenus participeront \u00e0 une r\u00e9sidence immersive au Campus UM6P Story School \u00e0 Rabat, comprenant&nbsp;:<\/p>\n\n\n\n<p>&#8211; Des masterclasses assur\u00e9es par des experts africains et internationaux.<\/p>\n\n\n\n<p>&#8211; Des ateliers pratiques (\u00e9criture, image, son, narration digitale, performance\u2026).<\/p>\n\n\n\n<p>&#8211; Des sessions collaboratives et des rencontres professionnelles.<\/p>\n\n\n\n<p>&#8211; Un accompagnement \u00e0 la cr\u00e9ation d\u2019une \u0153uvre originale.<\/p>\n\n\n\n<p>&#8211; L\u2019int\u00e9gration dans un r\u00e9seau panafricain actif et structur\u00e9.<\/p>\n\n\n\n<p>Les travaux et profils des laur\u00e9ats seront \u00e9galement valoris\u00e9s au sein d\u2019une campagne panafricaine men\u00e9e conjointement par UM6P Story School et la French-African Foundation, incluant presse, t\u00e9l\u00e9vision, digital, influence, diffusion audiovisuelle et partenariats institutionnels.<\/p>\n\n\n\n<p>Les candidatures \u00e0 la premi\u00e8re \u00e9dition de \u00abKessa\u00bb sont ouvertes jusqu\u2019au 10 janvier 2026 sur la plateforme \u00abwww.kessa.africa\u00bb.<\/p>\n\n\n\n<p><strong><em>\u00c0 propos de l\u2019UM6P Story School<\/em><\/strong><\/p>\n\n\n\n<p>Story School est le laboratoire de communication de I&#8217;UM6P. Une \u00e9cole ancr\u00e9e dans la r\u00e9alit\u00e9 d\u2019un monde en transformation, qui permet aux \u00e9tudiants comme aux dirigeants de communiquer efficacement. Story School propose des formations ex\u00e9cutives et sur mesure, de la recherche appliqu\u00e9e ainsi que du conseil strat\u00e9gique dans les m\u00e9tiers de la communication. L\u2019entit\u00e9 cr\u00e9e des exp\u00e9riences d\u2019apprentissage uniques et enrichissantes, d\u00e9veloppe des collaborations avec des experts locaux et internationaux et explore les m\u00e9tiers de la communication \u00e0 travers des projets \u00e0 impact, m\u00ealant l\u2019art, la recherche et la pratique.<\/p>\n\n\n\n<p><strong><em>\u00c0 propos de la French African Foundation<\/em><\/strong><\/p>\n\n\n\n<p>La French African Foundation est une organisation de r\u00e9f\u00e9rence, d\u00e9di\u00e9e \u00e0 la nouvelle g\u00e9n\u00e9ration de leaders africains et fran\u00e7ais. \u00c0 travers ses initiatives, elle valorise les r\u00e9ussites africaines et fran\u00e7aises, transforme les narratifs entre les deux r\u00e9gions et anime le plus grand r\u00e9seau panafricain de jeunes professionnels, f\u00e9d\u00e9rant une communaut\u00e9 engag\u00e9e dans l\u2019innovation et l\u2019action concr\u00e8te. Elle leur apporte visibilit\u00e9, networking de haut niveau, formation. Ses initiatives phares sont le \u00abProgramme Young Leaders\u00bb et \u00abAfrica Day\u00bb.<\/p>\n","protected":false},"excerpt":{"rendered":"<p>Story School, l\u2019\u00e9cole de communication de l\u2019Universit\u00e9 Mohammed VI Polytechnique UM6P en collaboration avec la French-African Foundation, annonce le lancement de \u00abKessa\u00bb le programme panafricain d\u00e9di\u00e9 \u00e0 l\u2019expression des nouveaux langages du r\u00e9cit Africain. \u00abKessa\u00bb est un programme in\u00e9dit d\u00e9di\u00e9 \u00e0 celles et ceux qui fa\u00e7onnent les r\u00e9cits africains d\u2019aujourd\u2019hui et de demain. Une r\u00e9sidence &hellip;<\/p>\n","protected":false},"author":9,"featured_media":40821,"comment_status":"open","ping_status":"closed","sticky":false,"template":"","format":"standard","meta":{"footnotes":""},"categories":[1596],"tags":[],"class_list":["post-40820","post","type-post","status-publish","format-standard","has-post-thumbnail","hentry","category-art-tribal"],"_links":{"self":[{"href":"https:\/\/letempsmag.ma\/index.php?rest_route=\/wp\/v2\/posts\/40820","targetHints":{"allow":["GET"]}}],"collection":[{"href":"https:\/\/letempsmag.ma\/index.php?rest_route=\/wp\/v2\/posts"}],"about":[{"href":"https:\/\/letempsmag.ma\/index.php?rest_route=\/wp\/v2\/types\/post"}],"author":[{"embeddable":true,"href":"https:\/\/letempsmag.ma\/index.php?rest_route=\/wp\/v2\/users\/9"}],"replies":[{"embeddable":true,"href":"https:\/\/letempsmag.ma\/index.php?rest_route=%2Fwp%2Fv2%2Fcomments&post=40820"}],"version-history":[{"count":1,"href":"https:\/\/letempsmag.ma\/index.php?rest_route=\/wp\/v2\/posts\/40820\/revisions"}],"predecessor-version":[{"id":40822,"href":"https:\/\/letempsmag.ma\/index.php?rest_route=\/wp\/v2\/posts\/40820\/revisions\/40822"}],"wp:featuredmedia":[{"embeddable":true,"href":"https:\/\/letempsmag.ma\/index.php?rest_route=\/wp\/v2\/media\/40821"}],"wp:attachment":[{"href":"https:\/\/letempsmag.ma\/index.php?rest_route=%2Fwp%2Fv2%2Fmedia&parent=40820"}],"wp:term":[{"taxonomy":"category","embeddable":true,"href":"https:\/\/letempsmag.ma\/index.php?rest_route=%2Fwp%2Fv2%2Fcategories&post=40820"},{"taxonomy":"post_tag","embeddable":true,"href":"https:\/\/letempsmag.ma\/index.php?rest_route=%2Fwp%2Fv2%2Ftags&post=40820"}],"curies":[{"name":"wp","href":"https:\/\/api.w.org\/{rel}","templated":true}]}}