{"id":40799,"date":"2025-12-10T11:47:40","date_gmt":"2025-12-10T10:47:40","guid":{"rendered":"https:\/\/letempsmag.ma\/?p=40799"},"modified":"2025-12-10T11:47:40","modified_gmt":"2025-12-10T10:47:40","slug":"une-delegation-des-trois-regions-des-provinces-du-sud-du-royaume-recue-a-paris-par-le-medef","status":"publish","type":"post","link":"https:\/\/letempsmag.ma\/?p=40799","title":{"rendered":"Une d\u00e9l\u00e9gation des trois r\u00e9gions des provinces du Sud du Royaume re\u00e7ue \u00e0 Paris par le MEDEF"},"content":{"rendered":"\n<p>Une importante d\u00e9l\u00e9gation des trois r\u00e9gions des provinces du Sud du Royaume, La\u00e2youne-Sakia-El Hamra, Guelmim-Oued Noun et Dakhla-Oued Eddahab, a tenu, mardi \u00e0 Paris, une rencontre avec le Mouvement des Entreprises de France (MEDEF), consacr\u00e9e \u00e0 la promotion des investissements.<\/p>\n\n\n\n<p>Cette rencontre, organis\u00e9e \u00e0 l&#8217;initiative de l&#8217;ambassade du Maroc \u00e0 Paris et du MEDEF, vise \u00e0 promouvoir les opportunit\u00e9s d\u2019affaires dans les provinces du Sud du Royaume en vue de concr\u00e9tiser les projets d&#8217;investissements fran\u00e7ais qui y sont pr\u00e9vus et qui s\u2019inscrivent en droite ligne de la mise en \u0153uvre des accords sign\u00e9s dans le cadre du Partenariat d\u2019Exception Renforc\u00e9 entre le Maroc et la France.<\/p>\n\n\n\n<p>Ces projets couvrent une panoplie de secteurs strat\u00e9giques comme la logistique, les \u00e9nergies renouvelables, le tourisme, l\u2019industrie, la p\u00eache et les infrastructures destin\u00e9es \u00e0 accompagner la mont\u00e9e en puissance du mod\u00e8le de d\u00e9veloppement r\u00e9gional des provinces du Sud du Royaume.<\/p>\n\n\n\n<p>Cette rencontre, qui s\u2019inscrit dans la dynamique vertueuse que conna\u00eet la coop\u00e9ration maroco-fran\u00e7aise, traduit dans son volet \u00e9conomique, le soutien de la France \u00e0 la souverainet\u00e9 du Maroc sur son Sahara et vient marquer une nouvelle \u00e9tape dans la transformation des provinces du Sud en un p\u00f4le r\u00e9gional d\u2019investissement et un hub de croissance durable au service du continent africain.<\/p>\n\n\n\n<p>La d\u00e9l\u00e9gation marocaine conduite par Laila Hammouchi, Gouverneur Directrice des Services publics locaux, relevant de la Direction G\u00e9n\u00e9rale des Collectivit\u00e9s territoriales au minist\u00e8re de l\u2019Int\u00e9rieur, en pr\u00e9sence de l\u2019Ambassadrice de S.M. le Roi en France, Samira Sitail, \u00e9tait compos\u00e9e de la pr\u00e9sidente de la r\u00e9gion de Guelmim-Oued Noun, M\u2019Barka Bouaida, qui pr\u00e9side \u00e9galement l\u2019Association des R\u00e9gions du Maroc, du pr\u00e9sident de la r\u00e9gion de Dakhla-Oued Eddahab, Yanja El Khattat, et du repr\u00e9sentant du Pr\u00e9sident de la r\u00e9gion de La\u00e2youne-Sakia El Hamra, Mhamed Abba.<\/p>\n\n\n\n<p>Faisaient \u00e9galement partie de la d\u00e9l\u00e9gation les Directeurs G\u00e9n\u00e9raux des Centres r\u00e9gionaux d&#8217;investissement de Dakhla-Oued Eddahab, Ahmed Khatir, de La\u00e2youne-Sakia El Hamra, Mohamed Jifer et de Guelmim-Oued Noun, Mohamed Assouss.<\/p>\n\n\n\n<p>Le MEDEF a \u00e9t\u00e9 repr\u00e9sent\u00e9 par M. G\u00e9rard Wolf, vice-pr\u00e9sident du Comit\u00e9 Afrique et f\u00e9d\u00e9rateur ville durable du minist\u00e8re de l\u2019Europe et des Affaires Etrang\u00e8res, en pr\u00e9sence de plusieurs chefs d\u2019entreprises de secteurs strat\u00e9giques en France.<\/p>\n\n\n\n<p>Lors de cette rencontre, les repr\u00e9sentants des trois r\u00e9gions des provinces du Sud ont pr\u00e9sent\u00e9 au MEDEF les opportunit\u00e9s offertes par les zones industrielles et logistiques, les incitations \u00e0 l\u2019investissement, ainsi que les avanc\u00e9es majeures r\u00e9alis\u00e9es dans ces territoires, notamment en mati\u00e8re de connectivit\u00e9, d\u2019environnement des affaires et de stabilit\u00e9 \u00e9conomique.<\/p>\n\n\n\n<p>C\u00f4t\u00e9 fran\u00e7ais, cette rencontre a \u00e9t\u00e9 per\u00e7ue comme une opportunit\u00e9 majeure pour \u00e9largir la pr\u00e9sence des entreprises fran\u00e7aises dans les r\u00e9gions des provinces du Sud du Royaume, consid\u00e9r\u00e9es comme strat\u00e9giques pour les \u00e9changes \u00e9conomiques entre l\u2019Europe et l\u2019Afrique.<\/p>\n\n\n\n<p>La d\u00e9l\u00e9gation marocaine a ensuite eu des rencontres avec M. Bertrand Walckenaer, Directeur G\u00e9n\u00e9ral Adjoint de l\u2019Agence Fran\u00e7aise de D\u00e9veloppement (AFD) et des repr\u00e9sentants du minist\u00e8re d\u00e9l\u00e9gu\u00e9 aupr\u00e8s du ministre de l\u2019Europe et des Affaires Etrang\u00e8res, charg\u00e9 du Commerce Ext\u00e9rieur et de l&#8217;Attractivit\u00e9.<\/p>\n","protected":false},"excerpt":{"rendered":"<p>Une importante d\u00e9l\u00e9gation des trois r\u00e9gions des provinces du Sud du Royaume, La\u00e2youne-Sakia-El Hamra, Guelmim-Oued Noun et Dakhla-Oued Eddahab, a tenu, mardi \u00e0 Paris, une rencontre avec le Mouvement des Entreprises de France (MEDEF), consacr\u00e9e \u00e0 la promotion des investissements. Cette rencontre, organis\u00e9e \u00e0 l&#8217;initiative de l&#8217;ambassade du Maroc \u00e0 Paris et du MEDEF, vise &hellip;<\/p>\n","protected":false},"author":9,"featured_media":40784,"comment_status":"open","ping_status":"closed","sticky":false,"template":"","format":"standard","meta":{"footnotes":""},"categories":[118],"tags":[],"class_list":["post-40799","post","type-post","status-publish","format-standard","has-post-thumbnail","hentry","category-diplomatie"],"_links":{"self":[{"href":"https:\/\/letempsmag.ma\/index.php?rest_route=\/wp\/v2\/posts\/40799","targetHints":{"allow":["GET"]}}],"collection":[{"href":"https:\/\/letempsmag.ma\/index.php?rest_route=\/wp\/v2\/posts"}],"about":[{"href":"https:\/\/letempsmag.ma\/index.php?rest_route=\/wp\/v2\/types\/post"}],"author":[{"embeddable":true,"href":"https:\/\/letempsmag.ma\/index.php?rest_route=\/wp\/v2\/users\/9"}],"replies":[{"embeddable":true,"href":"https:\/\/letempsmag.ma\/index.php?rest_route=%2Fwp%2Fv2%2Fcomments&post=40799"}],"version-history":[{"count":1,"href":"https:\/\/letempsmag.ma\/index.php?rest_route=\/wp\/v2\/posts\/40799\/revisions"}],"predecessor-version":[{"id":40800,"href":"https:\/\/letempsmag.ma\/index.php?rest_route=\/wp\/v2\/posts\/40799\/revisions\/40800"}],"wp:featuredmedia":[{"embeddable":true,"href":"https:\/\/letempsmag.ma\/index.php?rest_route=\/wp\/v2\/media\/40784"}],"wp:attachment":[{"href":"https:\/\/letempsmag.ma\/index.php?rest_route=%2Fwp%2Fv2%2Fmedia&parent=40799"}],"wp:term":[{"taxonomy":"category","embeddable":true,"href":"https:\/\/letempsmag.ma\/index.php?rest_route=%2Fwp%2Fv2%2Fcategories&post=40799"},{"taxonomy":"post_tag","embeddable":true,"href":"https:\/\/letempsmag.ma\/index.php?rest_route=%2Fwp%2Fv2%2Ftags&post=40799"}],"curies":[{"name":"wp","href":"https:\/\/api.w.org\/{rel}","templated":true}]}}