{"id":40793,"date":"2025-12-10T11:44:31","date_gmt":"2025-12-10T10:44:31","guid":{"rendered":"https:\/\/letempsmag.ma\/?p=40793"},"modified":"2025-12-10T11:44:32","modified_gmt":"2025-12-10T10:44:32","slug":"une-fin-dannee-sous-le-signe-du-dialogue-des-arts-a-lauditorium-pierre-berge-marrakech","status":"publish","type":"post","link":"https:\/\/letempsmag.ma\/?p=40793","title":{"rendered":"Une fin d\u2019ann\u00e9e sous le signe du dialogue des arts \u00e0 l\u2019Auditorium Pierre Berg\u00e9 Marrakech"},"content":{"rendered":"\n<p>Du 1er au 29 d\u00e9cembre 2025, l\u2019Auditorium Pierre Berg\u00e9 du Mus\u00e9e Yves Saint Laurent Marrakech r\u00e9affirme sa vocation d\u2019espace culturel majeur \u00e0 travers une programmation \u00e9clectique et exigeante, tiss\u00e9e en \u00e9troite collaboration avec le Mus\u00e9e d&#8217;Art Contemporain Africain Al Maaden de Marrakech (MACAAL) et l\u2019Institut Cervantes. Ce mois de d\u00e9cembre c\u00e9l\u00e8bre la convergence des disciplines, invitant le public \u00e0 une travers\u00e9e esth\u00e9tique o\u00f9 dialoguent avec finesse cin\u00e9ma, mode et cr\u00e9ation musicale. Fid\u00e8le \u00e0 l\u2019esprit d\u2019ouverture qui anime l\u2019institution, cette saison culturelle est propos\u00e9e en libre acc\u00e8s, offrant \u00e0 toutes et \u00e0 tous l\u2019opportunit\u00e9 de d\u00e9couvrir des \u0153uvres embl\u00e9matiques et des performances in\u00e9dites dans un lieu d&#8217;exception.<\/p>\n\n\n\n<p><strong><em>Le cin\u00e9ma comme miroir de la mode<\/em><\/strong><\/p>\n\n\n\n<p>V\u00e9ritable colonne vert\u00e9brale de la programmation, le cycle \u00abFashion in film\u00bb s\u2019impose comme le rendez-vous incontournable tous les lundis \u00e0 19h. Cette s\u00e9lection cin\u00e9matographique ne se contente pas de projeter des films&nbsp;: elle explore les liens visc\u00e9raux entre l\u2019esth\u00e9tique, le v\u00eatement et la repr\u00e9sentation \u00e0 travers les \u00e9poques.<\/p>\n\n\n\n<p>Des fastes de l\u2019\u00c9gypte antique revisit\u00e9s par Hollywood \u00e0 l\u2019audace contemporaine de Yorgos Lanthimos, en passant par l\u2019\u00e2ge d\u2019or de Marlene Dietrich, chaque projection est une fen\u00eatre ouverte sur l\u2019art de la mise en sc\u00e8ne de soi. Ce voyage visuel a d\u00e9but\u00e9 en \u00e9cho au Festival International du Film de Marrakech, ancrant l\u2019Auditorium au c\u0153ur de l\u2019effervescence culturelle de la ville.<\/p>\n\n\n\n<p><strong><em>Des collaborations institutionnelles d\u2019exception<\/em><\/strong><\/p>\n\n\n\n<p>L\u2019Auditorium Pierre Berg\u00e9 se positionne plus que jamais comme une plateforme de synergies artistiques, tissant des liens forts avec des institutions prestigieuses telles que le MACAAL et l\u2019Institut Cervantes. Ces partenariats enrichissent la saison d\u2019une diversit\u00e9 rare, m\u00ealant cin\u00e9ma d\u2019art et essai et musique vivante. Le public pourra ainsi appr\u00e9cier un concert de No\u00ebl aux sonorit\u00e9s ib\u00e9ro-am\u00e9ricaines, v\u00e9ritable invitation au voyage, ainsi qu\u2019une soir\u00e9e sp\u00e9ciale en collaboration avec le MACAAL, soulignant la coh\u00e9rence d\u2019une programmation qui fait dialoguer les arts visuels, la musique et le design.<\/p>\n\n\n\n<p><strong><em>Voyage musical \u00e0 travers les figures f\u00e9minines de l\u2019Op\u00e9ra<\/em><\/strong><\/p>\n\n\n\n<p>Parmi les moments forts de la programmation de d\u00e9cembre, l\u2019Auditorium Pierre Berg\u00e9 pr\u00e9sentera H\u00e9ro\u00efnes de l\u2019Op\u00e9ra, un r\u00e9cital exceptionnel consacr\u00e9 aux grandes figures f\u00e9minines de l\u2019op\u00e9ra, de H\u00e4ndel \u00e0 Puccini.<\/p>\n\n\n\n<p>Con\u00e7u comme un voyage musical et \u00e9motionnel, le programme explore la construction de la sensibilit\u00e9 moderne \u00e0 travers les th\u00e8mes de l\u2019amour, du sacrifice, de la perte, de l\u2019attente et de la libert\u00e9.<\/p>\n\n\n\n<p>Les airs les plus embl\u00e9matiques du r\u00e9pertoire, de Rinaldo \u00e0 Carmen en passant par \u00abLa Boh\u00e8me\u00bb et \u00abMadame Butterfly\u00bb, r\u00e9v\u00e8lent la profondeur et la force int\u00e9rieure de ces figures f\u00e9minines.<\/p>\n\n\n\n<p>Le r\u00e9cital sera interpr\u00e9t\u00e9 par la soprano Daniela Tabernig et le pianiste Jos\u00e9 Luis de Miguel. Il sera accompagn\u00e9 d\u2019une intervention du chef d\u2019orchestre et conf\u00e9rencier Rafael Lamas, qui \u00e9voquera l\u2019influence de l\u2019op\u00e9ra sur l\u2019imaginaire sentimental moderne. Une proposition artistique m\u00ealant virtuosit\u00e9, \u00e9motion et r\u00e9flexion.<\/p>\n\n\n\n<p>En offrant une programmation \u00e9clectique et profond\u00e9ment coh\u00e9rente, le Mus\u00e9e Yves Saint Laurent Marrakech confirme l\u2019Auditorium Pierre Berg\u00e9 comme un espace o\u00f9 les arts se rencontrent, se r\u00e9pondent et s\u2019enrichissent mutuellement. Un lieu ouvert, inspirant, qui invite le public \u00e0 vivre la culture comme exp\u00e9rience partag\u00e9e.<\/p>\n\n\n\n<p>(Photo&nbsp;: \u00a9Fondation Jardin Majorelle_Nicolas Mathe_us_myslm_7).<\/p>\n","protected":false},"excerpt":{"rendered":"<p>Du 1er au 29 d\u00e9cembre 2025, l\u2019Auditorium Pierre Berg\u00e9 du Mus\u00e9e Yves Saint Laurent Marrakech r\u00e9affirme sa vocation d\u2019espace culturel majeur \u00e0 travers une programmation \u00e9clectique et exigeante, tiss\u00e9e en \u00e9troite collaboration avec le Mus\u00e9e d&#8217;Art Contemporain Africain Al Maaden de Marrakech (MACAAL) et l\u2019Institut Cervantes. Ce mois de d\u00e9cembre c\u00e9l\u00e8bre la convergence des disciplines, &hellip;<\/p>\n","protected":false},"author":9,"featured_media":40777,"comment_status":"open","ping_status":"closed","sticky":false,"template":"","format":"standard","meta":{"footnotes":""},"categories":[51],"tags":[],"class_list":["post-40793","post","type-post","status-publish","format-standard","has-post-thumbnail","hentry","category-culture"],"_links":{"self":[{"href":"https:\/\/letempsmag.ma\/index.php?rest_route=\/wp\/v2\/posts\/40793","targetHints":{"allow":["GET"]}}],"collection":[{"href":"https:\/\/letempsmag.ma\/index.php?rest_route=\/wp\/v2\/posts"}],"about":[{"href":"https:\/\/letempsmag.ma\/index.php?rest_route=\/wp\/v2\/types\/post"}],"author":[{"embeddable":true,"href":"https:\/\/letempsmag.ma\/index.php?rest_route=\/wp\/v2\/users\/9"}],"replies":[{"embeddable":true,"href":"https:\/\/letempsmag.ma\/index.php?rest_route=%2Fwp%2Fv2%2Fcomments&post=40793"}],"version-history":[{"count":1,"href":"https:\/\/letempsmag.ma\/index.php?rest_route=\/wp\/v2\/posts\/40793\/revisions"}],"predecessor-version":[{"id":40794,"href":"https:\/\/letempsmag.ma\/index.php?rest_route=\/wp\/v2\/posts\/40793\/revisions\/40794"}],"wp:featuredmedia":[{"embeddable":true,"href":"https:\/\/letempsmag.ma\/index.php?rest_route=\/wp\/v2\/media\/40777"}],"wp:attachment":[{"href":"https:\/\/letempsmag.ma\/index.php?rest_route=%2Fwp%2Fv2%2Fmedia&parent=40793"}],"wp:term":[{"taxonomy":"category","embeddable":true,"href":"https:\/\/letempsmag.ma\/index.php?rest_route=%2Fwp%2Fv2%2Fcategories&post=40793"},{"taxonomy":"post_tag","embeddable":true,"href":"https:\/\/letempsmag.ma\/index.php?rest_route=%2Fwp%2Fv2%2Ftags&post=40793"}],"curies":[{"name":"wp","href":"https:\/\/api.w.org\/{rel}","templated":true}]}}