{"id":40787,"date":"2025-12-10T11:37:47","date_gmt":"2025-12-10T10:37:47","guid":{"rendered":"https:\/\/letempsmag.ma\/?p=40787"},"modified":"2025-12-10T11:37:47","modified_gmt":"2025-12-10T10:37:47","slug":"la-richesse-du-dialogue-culturel-entre-litalie-et-le-maroc-plebiscitee-dans-le-sillage-du-festival-de-fes-des-musiques-sacrees-du-monde","status":"publish","type":"post","link":"https:\/\/letempsmag.ma\/?p=40787","title":{"rendered":"La richesse du dialogue culturel entre l\u2019Italie et le Maroc pl\u00e9biscit\u00e9e dans le sillage du Festival de F\u00e8s des Musiques Sacr\u00e9es du Monde"},"content":{"rendered":"\n<p>C\u2019est une cons\u00e9cration du spectacle italo-marocain lors de la derni\u00e8re \u00e9dition du Festival de F\u00e8s des Musiques Sacr\u00e9es du Monde (16 au 24 mai 2025). Il a re\u00e7u le prix \u00abMercurio Alato\u00bb du Minist\u00e8re Italien des Affaires \u00e9trang\u00e8res. Une distinction qui prime le meilleur \u00e9v\u00e8nement culturel organis\u00e9 en 2025 \u00e0 travers le monde.<\/p>\n\n\n\n<p>V\u00e9ritable \u00abOscar\u00bb de la diplomatie culturelle italienne, le prix \u00abMercurio Alato\u00bb r\u00e9compense chaque ann\u00e9e l\u2019\u00e9v\u00e9nement le plus remarquable organis\u00e9 par le r\u00e9seau culturel du Minist\u00e8re italien des Affaires \u00c9trang\u00e8res \u00e0 travers le monde. Ce r\u00e9seau, compos\u00e9 de 88 Instituts Italiens de Culture pr\u00e9sents sur les cinq continents, organise plusieurs milliers d\u2019\u00e9v\u00e9nements par an pour promouvoir la langue, l\u2019art et la cr\u00e9ativit\u00e9 italienne \u00e0 travers le monde, le dialogue interculturel.<\/p>\n\n\n\n<p>Lors de l\u2019\u00e9dition 2025 du Festival de F\u00e8s des Musiques Sacr\u00e9es du Monde, l\u2019Ambassade d\u2019Italie au Royaume du Maroc, l&#8217;Institut Culturel de Rabat et la Fondation Esprit de F\u00e8s ont pr\u00e9sent\u00e9 un concert unique m\u00ealant musique baroque italienne et tradition arabo-andalouse. Cette rencontre artistique des ma\u00eetres Antonio Greco et Mohamed Briouel, fruit d\u2019un dialogue entre musiciens italiens et marocains, a magnifiquement illustr\u00e9 la vocation universelle du festival: faire dialoguer les cultures \u00e0 travers la musique. Le jury a salu\u00e9 la port\u00e9e symbolique de ce concert, sa qualit\u00e9 artistique et la force de son message d\u2019unit\u00e9 et de dialogue interculturel et des religions.<\/p>\n\n\n\n<p>\u00abJe me r\u00e9jouis profond\u00e9ment de cette reconnaissance qui met en valeur la qualit\u00e9 du travail accompli par l\u2019Institut Italien de la Culture de Rabat et la richesse du dialogue culturel entre l\u2019Italie et le Maroc\u00bb, Pasquale Salzano, Ambassadeur d\u2019Italie au Maroc. \u00abLe concert pr\u00e9sent\u00e9 \u00e0 F\u00e8s a uni des traditions musicales qui, bien que diff\u00e9rentes, partagent un m\u00eame esprit d\u2019ouverture et de recherche d\u2019harmonie. Ce prix t\u00e9moigne de la force de la coop\u00e9ration culturelle entre nos deux pays et nous encourage \u00e0 poursuivre ensemble des projets qui rapprochent les soci\u00e9t\u00e9s et valorisent notre patrimoine partag\u00e9\u00bb, a-t-il soulign\u00e9.<\/p>\n\n\n\n<p>Pour sa part, Abderrafie Zouitene, Pr\u00e9sident de la Fondation Esprit de F\u00e8s, organisatrice du festival confie&nbsp;: \u00abCette distinction par le Minist\u00e8re Italien des Affaires \u00c9trang\u00e8res nous honore et marque la reconnaissance internationale du Festival de F\u00e8s des Musiques Sacr\u00e9es du Monde, un \u00e9v\u00e9nement qui promeut l\u2019esprit de tol\u00e9rance et de paix\u00bb.<\/p>\n\n\n\n<p>\u00abJe suis particuli\u00e8rement honor\u00e9e de ce Prix d\u00e9cern\u00e9 par le Minist\u00e8re des Affaires \u00c9trang\u00e8res Italien et la RAI, \u00e0 cette fusion exceptionnelle qui a combin\u00e9 deux genres artistiques diff\u00e9rents, les \u00abV\u00eapres de la Vierge\u00bb de Claudio Monteverdi et la musique andalouse\u00bb d\u00e9clare pour sa part la Directrice de l\u2019Institut Culturel Italien, Carmela Callea, rappelant \u00abUne fusion qui s\u2019est d\u00e9roul\u00e9e dans un lieu magnifique, Bab El Makina, dans le cadre d&#8217;un festival d\u00e9di\u00e9 \u00e0 la musique sacr\u00e9e qui rapproche les cultures et favorise le dialogue interculturel\u00bb.<\/p>\n\n\n\n<p>Le r\u00f4le de la ville de F\u00e8s comme carrefour historique de rencontres spirituelles et celui du Festival des Musiques Sacr\u00e9es du Monde cr\u00e9\u00e9 en 1994 comme creuset d\u2019un dialogue fructueux, sont une fois de plus distingu\u00e9s par cette r\u00e9compense prestigieuse. (Photo&nbsp;: Zoubir Ali).<\/p>\n","protected":false},"excerpt":{"rendered":"<p>C\u2019est une cons\u00e9cration du spectacle italo-marocain lors de la derni\u00e8re \u00e9dition du Festival de F\u00e8s des Musiques Sacr\u00e9es du Monde (16 au 24 mai 2025). Il a re\u00e7u le prix \u00abMercurio Alato\u00bb du Minist\u00e8re Italien des Affaires \u00e9trang\u00e8res. Une distinction qui prime le meilleur \u00e9v\u00e8nement culturel organis\u00e9 en 2025 \u00e0 travers le monde. V\u00e9ritable \u00abOscar\u00bb &hellip;<\/p>\n","protected":false},"author":9,"featured_media":40783,"comment_status":"open","ping_status":"closed","sticky":false,"template":"","format":"standard","meta":{"footnotes":""},"categories":[56],"tags":[],"class_list":["post-40787","post","type-post","status-publish","format-standard","has-post-thumbnail","hentry","category-patrimoine"],"_links":{"self":[{"href":"https:\/\/letempsmag.ma\/index.php?rest_route=\/wp\/v2\/posts\/40787","targetHints":{"allow":["GET"]}}],"collection":[{"href":"https:\/\/letempsmag.ma\/index.php?rest_route=\/wp\/v2\/posts"}],"about":[{"href":"https:\/\/letempsmag.ma\/index.php?rest_route=\/wp\/v2\/types\/post"}],"author":[{"embeddable":true,"href":"https:\/\/letempsmag.ma\/index.php?rest_route=\/wp\/v2\/users\/9"}],"replies":[{"embeddable":true,"href":"https:\/\/letempsmag.ma\/index.php?rest_route=%2Fwp%2Fv2%2Fcomments&post=40787"}],"version-history":[{"count":1,"href":"https:\/\/letempsmag.ma\/index.php?rest_route=\/wp\/v2\/posts\/40787\/revisions"}],"predecessor-version":[{"id":40788,"href":"https:\/\/letempsmag.ma\/index.php?rest_route=\/wp\/v2\/posts\/40787\/revisions\/40788"}],"wp:featuredmedia":[{"embeddable":true,"href":"https:\/\/letempsmag.ma\/index.php?rest_route=\/wp\/v2\/media\/40783"}],"wp:attachment":[{"href":"https:\/\/letempsmag.ma\/index.php?rest_route=%2Fwp%2Fv2%2Fmedia&parent=40787"}],"wp:term":[{"taxonomy":"category","embeddable":true,"href":"https:\/\/letempsmag.ma\/index.php?rest_route=%2Fwp%2Fv2%2Fcategories&post=40787"},{"taxonomy":"post_tag","embeddable":true,"href":"https:\/\/letempsmag.ma\/index.php?rest_route=%2Fwp%2Fv2%2Ftags&post=40787"}],"curies":[{"name":"wp","href":"https:\/\/api.w.org\/{rel}","templated":true}]}}