{"id":40765,"date":"2025-12-09T09:21:18","date_gmt":"2025-12-09T08:21:18","guid":{"rendered":"https:\/\/letempsmag.ma\/?p=40765"},"modified":"2025-12-09T09:21:19","modified_gmt":"2025-12-09T08:21:19","slug":"lassociation-des-femmes-cheffes-dentreprises-du-maroc-a-celebre-avec-eclat-ses-25-ans","status":"publish","type":"post","link":"https:\/\/letempsmag.ma\/?p=40765","title":{"rendered":"L\u2019Association des Femmes Cheffes d\u2019Entreprises du Maroc a c\u00e9l\u00e9br\u00e9 avec \u00e9clat ses 25 ans"},"content":{"rendered":"\n<p>L\u2019Association des Femmes Cheffes d\u2019Entreprises du Maroc (AFEM) a c\u00e9l\u00e9br\u00e9, le 5 d\u00e9cembre dernier son 25<sup>\u00e8me<\/sup> anniversaire, marquant un moment historique pour une institution engag\u00e9e depuis un quart de si\u00e8cle en faveur de la promotion et du d\u00e9veloppement de l\u2019entrepreneuriat f\u00e9minin au Maroc.<\/p>\n\n\n\n<p>Depuis sa cr\u00e9ation en 2000, l\u2019AFEM s\u2019est affirm\u00e9e comme un r\u00e9seau incontournable de mobilisation, de plaidoyer et d\u2019accompagnement, \u0153uvrant pour une int\u00e9gration pleine et durable des femmes dans le tissu \u00e9conomique national. Gr\u00e2ce \u00e0 la vision de ses fondatrices et \u00e0 la dynamique collective de ses membres, l\u2019Association a contribu\u00e9 \u00e0 installer la femme entrepreneure au c\u0153ur de la modernisation et de la croissance du Royaume.<\/p>\n\n\n\n<p>Plac\u00e9e sous le th\u00e8me \u00abLeadership et entrepreneuriat f\u00e9minin&nbsp;: pour un Maroc inclusif\u00bb, la c\u00e9r\u00e9monie a r\u00e9uni des acteurs institutionnels, \u00e9conomiques et financiers, ainsi que des d\u00e9l\u00e9gations internationales venues de France, Monaco et Tunisie, t\u00e9moignant du rayonnement r\u00e9gional et international du r\u00e9seau AFEM.<\/p>\n\n\n\n<p>Leila Doukali, Pr\u00e9sidente Nationale de l\u2019AFEM, a d\u00e9clar\u00e9&nbsp;: \u00abCette c\u00e9r\u00e9monie \u00e9tait un moment unique de r\u00e9unification, elle a rassembl\u00e9 toutes ces femmes qui entreprennent. Car lorsque qu\u2019une femme entreprend, c\u2019est tout un territoire qui se met en mouvement et c\u2019est ce Maroc inclusif que nous souhaitons toutes\u00bb.<\/p>\n\n\n\n<p><strong><em>AFEM Awards&nbsp;: honorer l\u2019engagement f\u00e9minin<\/em><\/strong><\/p>\n\n\n\n<p>Moment-phare de l\u2019\u00e9v\u00e9nement, la remise des AFEM Awards a permis de c\u00e9l\u00e9brer l\u2019excellence et la diversit\u00e9 des parcours f\u00e9minins \u00e0 travers sept cat\u00e9gories, rendant hommage \u00e0 des femmes inspirantes et influentes dans leurs domaines. Les femmes fondatrices ont \u00e9t\u00e9 mises \u00e0 l\u2019honneur, dont Saloua Karkri Belkeziz, Pr\u00e9sidente d\u2019honneur, ainsi que les pionni\u00e8res ayant b\u00e2ti les fondations du r\u00e9seau. Un hommage sp\u00e9cial a \u00e9t\u00e9 d\u00e9di\u00e9 \u00e0 feue Khadija Doukali, pour son engagement remarquable, en pr\u00e9sence de sa famille.<\/p>\n\n\n\n<p>&#8211; Le troph\u00e9e D\u00e9ploiement Past-Pr\u00e9sidentes a distingu\u00e9 des anciennes Pr\u00e9sidentes pour leur contribution \u00e0 l\u2019expansion nationale de l\u2019AFEM.<\/p>\n\n\n\n<p>&#8211; Le troph\u00e9e Force du R\u00e9seau Pr\u00e9sidentes R\u00e9gionales a salu\u00e9 les femmes ayant renforc\u00e9 l\u2019impact territorial de l\u2019Association.<\/p>\n\n\n\n<p>&#8211; Le troph\u00e9e Innovation, remis par le Groupe Al Mada, a c\u00e9l\u00e9br\u00e9 des initiatives f\u00e9minines porteuses de transformation et de disruption.<\/p>\n\n\n\n<p>&#8211; Le troph\u00e9e She Is The Future a honor\u00e9 des femmes leaders issues de plusieurs r\u00e9gions&nbsp;: Casablanca, Marrakech, Dakhla et Rabat-<\/p>\n\n\n\n<p>&#8211; Le troph\u00e9e Rayonnement Femmes Inspirantes a mis en lumi\u00e8re des profils marquants dont l\u2019engagement, l\u2019\u00e9thique et la cr\u00e9ativit\u00e9 contribuent au progr\u00e8s de la soci\u00e9t\u00e9 marocaine.<\/p>\n\n\n\n<p><strong><em>\u00c0 propos de l\u2019AFEM<\/em><\/strong><\/p>\n\n\n\n<p>Fond\u00e9e en 2000 par Saloua Karkri Belkeziz, l\u2019Association des Femmes Cheffes d\u2019Entreprises du Maroc (AFEM) \u0153uvre depuis plus de 25 ans pour la promotion de l\u2019entrepreneuriat f\u00e9minin et l\u2019int\u00e9gration des femmes dans les dynamiques \u00e9conomiques nationales et internationales. Par son plaidoyer, ses programmes d\u2019accompagnement et ses partenariats strat\u00e9giques, l\u2019AFEM est aujourd\u2019hui reconnue comme un acteur majeur de la croissance inclusive au Maroc. L\u2019AFEM se projette vers l\u2019avenir avec une vision r\u00e9solument avant-gardiste, pla\u00e7ant le leadership f\u00e9minin comme levier de progr\u00e8s, d\u2019innovation et de d\u00e9veloppement durable.<\/p>\n","protected":false},"excerpt":{"rendered":"<p>L\u2019Association des Femmes Cheffes d\u2019Entreprises du Maroc (AFEM) a c\u00e9l\u00e9br\u00e9, le 5 d\u00e9cembre dernier son 25\u00e8me anniversaire, marquant un moment historique pour une institution engag\u00e9e depuis un quart de si\u00e8cle en faveur de la promotion et du d\u00e9veloppement de l\u2019entrepreneuriat f\u00e9minin au Maroc. Depuis sa cr\u00e9ation en 2000, l\u2019AFEM s\u2019est affirm\u00e9e comme un r\u00e9seau incontournable &hellip;<\/p>\n","protected":false},"author":9,"featured_media":40750,"comment_status":"open","ping_status":"closed","sticky":false,"template":"","format":"standard","meta":{"footnotes":""},"categories":[219],"tags":[],"class_list":["post-40765","post","type-post","status-publish","format-standard","has-post-thumbnail","hentry","category-anniversaire"],"_links":{"self":[{"href":"https:\/\/letempsmag.ma\/index.php?rest_route=\/wp\/v2\/posts\/40765","targetHints":{"allow":["GET"]}}],"collection":[{"href":"https:\/\/letempsmag.ma\/index.php?rest_route=\/wp\/v2\/posts"}],"about":[{"href":"https:\/\/letempsmag.ma\/index.php?rest_route=\/wp\/v2\/types\/post"}],"author":[{"embeddable":true,"href":"https:\/\/letempsmag.ma\/index.php?rest_route=\/wp\/v2\/users\/9"}],"replies":[{"embeddable":true,"href":"https:\/\/letempsmag.ma\/index.php?rest_route=%2Fwp%2Fv2%2Fcomments&post=40765"}],"version-history":[{"count":1,"href":"https:\/\/letempsmag.ma\/index.php?rest_route=\/wp\/v2\/posts\/40765\/revisions"}],"predecessor-version":[{"id":40766,"href":"https:\/\/letempsmag.ma\/index.php?rest_route=\/wp\/v2\/posts\/40765\/revisions\/40766"}],"wp:featuredmedia":[{"embeddable":true,"href":"https:\/\/letempsmag.ma\/index.php?rest_route=\/wp\/v2\/media\/40750"}],"wp:attachment":[{"href":"https:\/\/letempsmag.ma\/index.php?rest_route=%2Fwp%2Fv2%2Fmedia&parent=40765"}],"wp:term":[{"taxonomy":"category","embeddable":true,"href":"https:\/\/letempsmag.ma\/index.php?rest_route=%2Fwp%2Fv2%2Fcategories&post=40765"},{"taxonomy":"post_tag","embeddable":true,"href":"https:\/\/letempsmag.ma\/index.php?rest_route=%2Fwp%2Fv2%2Ftags&post=40765"}],"curies":[{"name":"wp","href":"https:\/\/api.w.org\/{rel}","templated":true}]}}