{"id":40759,"date":"2025-12-09T09:18:50","date_gmt":"2025-12-09T08:18:50","guid":{"rendered":"https:\/\/letempsmag.ma\/?p=40759"},"modified":"2025-12-09T09:18:50","modified_gmt":"2025-12-09T08:18:50","slug":"tamayouz-atelier-pro-une-nouvelle-generation-de-cineastes-marocains-a-lhonneur","status":"publish","type":"post","link":"https:\/\/letempsmag.ma\/?p=40759","title":{"rendered":"Tamayouz Atelier Pro\u00a0: une nouvelle g\u00e9n\u00e9ration de cin\u00e9astes marocains \u00e0 l\u2019honneur"},"content":{"rendered":"\n<p>La Fondation Tamayouz Cin\u00e9ma a cl\u00f4tur\u00e9, le 5 d\u00e9cembre \u00e0 Marrakech, la deuxi\u00e8me \u00e9dition de Tamayouz Atelier Pro, programme annuel d\u00e9di\u00e9 \u00e0 l\u2019accompagnement de dix bin\u00f4mes r\u00e9alisateurs-r\u00e9alisatrices et producteurs-productrices dans le d\u00e9veloppement de leur premier long m\u00e9trage. Lanc\u00e9e en f\u00e9vrier 2025, cette \u00e9dition a offert un suivi intensif assur\u00e9 par des sp\u00e9cialistes marocains et internationaux.<\/p>\n\n\n\n<p>Moment fort de la journ\u00e9e, une session de pitchs a permis aux participants de pr\u00e9senter leurs projets devant un panel de professionnels du cin\u00e9ma, parmi lesquels producteurs, distributeurs, programmateurs de r\u00e9sidences, responsables de financement ou encore repr\u00e9sentants de festivals. Ces pr\u00e9sentations ont constitu\u00e9 une \u00e9tape d\u00e9cisive pour la visibilit\u00e9 des projets et l\u2019aboutissement d\u2019un an de travail.<\/p>\n\n\n\n<p>L\u2019apr\u00e8s-midi a \u00e9t\u00e9 consacr\u00e9 aux rencontres professionnelles, favorisant mises en relation, \u00e9changes et perspectives de collaboration ou de coproduction. Le jury international a remis le Prix \u00abYallah\u00bb au projet \u00abRajol\u00bb du r\u00e9alisateur Adnane Rami, produit par Rajaa Fahim, tandis qu\u2019une mention sp\u00e9ciale est revenue au documentaire \u00abHassania\u00bb de Karim Hapette.<\/p>\n\n\n\n<p>Le programme se veut \u00e9galement un levier d\u2019affirmation pour une nouvelle g\u00e9n\u00e9ration de talents marocains, notamment f\u00e9minins. \u00abTamayouz Atelier Pro me permet de me constituer un r\u00e9seau de femmes professionnelles\u00bb, t\u00e9moigne la productrice Imane Majid.<\/p>\n\n\n\n<p>Port\u00e9 par de nombreux partenaires nationaux et internationaux, Tamayouz Atelier Pro confirme son r\u00f4le strat\u00e9gique dans l\u2019\u00e9mergence de nouvelles voix du cin\u00e9ma marocain.<\/p>\n\n\n\n<p><strong>L. F.<\/strong><\/p>\n","protected":false},"excerpt":{"rendered":"<p>La Fondation Tamayouz Cin\u00e9ma a cl\u00f4tur\u00e9, le 5 d\u00e9cembre \u00e0 Marrakech, la deuxi\u00e8me \u00e9dition de Tamayouz Atelier Pro, programme annuel d\u00e9di\u00e9 \u00e0 l\u2019accompagnement de dix bin\u00f4mes r\u00e9alisateurs-r\u00e9alisatrices et producteurs-productrices dans le d\u00e9veloppement de leur premier long m\u00e9trage. Lanc\u00e9e en f\u00e9vrier 2025, cette \u00e9dition a offert un suivi intensif assur\u00e9 par des sp\u00e9cialistes marocains et internationaux. &hellip;<\/p>\n","protected":false},"author":9,"featured_media":40749,"comment_status":"open","ping_status":"closed","sticky":false,"template":"","format":"standard","meta":{"footnotes":""},"categories":[701],"tags":[],"class_list":["post-40759","post","type-post","status-publish","format-standard","has-post-thumbnail","hentry","category-7eme-art"],"_links":{"self":[{"href":"https:\/\/letempsmag.ma\/index.php?rest_route=\/wp\/v2\/posts\/40759","targetHints":{"allow":["GET"]}}],"collection":[{"href":"https:\/\/letempsmag.ma\/index.php?rest_route=\/wp\/v2\/posts"}],"about":[{"href":"https:\/\/letempsmag.ma\/index.php?rest_route=\/wp\/v2\/types\/post"}],"author":[{"embeddable":true,"href":"https:\/\/letempsmag.ma\/index.php?rest_route=\/wp\/v2\/users\/9"}],"replies":[{"embeddable":true,"href":"https:\/\/letempsmag.ma\/index.php?rest_route=%2Fwp%2Fv2%2Fcomments&post=40759"}],"version-history":[{"count":1,"href":"https:\/\/letempsmag.ma\/index.php?rest_route=\/wp\/v2\/posts\/40759\/revisions"}],"predecessor-version":[{"id":40760,"href":"https:\/\/letempsmag.ma\/index.php?rest_route=\/wp\/v2\/posts\/40759\/revisions\/40760"}],"wp:featuredmedia":[{"embeddable":true,"href":"https:\/\/letempsmag.ma\/index.php?rest_route=\/wp\/v2\/media\/40749"}],"wp:attachment":[{"href":"https:\/\/letempsmag.ma\/index.php?rest_route=%2Fwp%2Fv2%2Fmedia&parent=40759"}],"wp:term":[{"taxonomy":"category","embeddable":true,"href":"https:\/\/letempsmag.ma\/index.php?rest_route=%2Fwp%2Fv2%2Fcategories&post=40759"},{"taxonomy":"post_tag","embeddable":true,"href":"https:\/\/letempsmag.ma\/index.php?rest_route=%2Fwp%2Fv2%2Ftags&post=40759"}],"curies":[{"name":"wp","href":"https:\/\/api.w.org\/{rel}","templated":true}]}}