{"id":40757,"date":"2025-12-09T09:17:42","date_gmt":"2025-12-09T08:17:42","guid":{"rendered":"https:\/\/letempsmag.ma\/?p=40757"},"modified":"2025-12-09T09:17:42","modified_gmt":"2025-12-09T08:17:42","slug":"le-centre-mohammed-vi-de-la-recherche-et-de-linnovation-se-focalise-sur-la-sante-des-jeunes","status":"publish","type":"post","link":"https:\/\/letempsmag.ma\/?p=40757","title":{"rendered":"Le Centre Mohammed VI de la Recherche et de l\u2019Innovation se focalise sur la sant\u00e9 des jeunes"},"content":{"rendered":"\n<p>La jeunesse au Maroc repr\u00e9sente un levier strat\u00e9gique pour le d\u00e9veloppement durable et la prosp\u00e9rit\u00e9 du pays. Investir dans sa sant\u00e9, son bien-\u00eatre et son autonomisation constitue une priorit\u00e9 nationale pour tirer pleinement profit du dividende d\u00e9mographique. Or, la formulation de politiques publiques efficaces d\u00e9pend de la disponibilit\u00e9, de la qualit\u00e9 et de l\u2019exploitation optimale des donn\u00e9es probantes relatives \u00e0 la sant\u00e9 et au bien-\u00eatre des jeunes.<\/p>\n\n\n\n<p>C\u2019est dans cette perspective que le Centre Mohammed VI de la Recherche et de l\u2019Innovation (CM6RI) et le Fonds des Nations-Unies pour la Population (UNFPA) ont organis\u00e9, le 3 d\u00e9cembre dernier \u00e0 Rabat, une table ronde de r\u00e9flexion sur les m\u00e9canismes de coordination, d\u2019exploitation et d\u2019analyse des donn\u00e9es relatives \u00e0 la sant\u00e9 des jeunes. Cette rencontre r\u00e9unit les principaux acteurs institutionnels, acad\u00e9miques et op\u00e9rationnels afin de renforcer la prise de d\u00e9cision fond\u00e9e sur des donn\u00e9es probantes.<\/p>\n\n\n\n<p>La table ronde a permis de partager une compr\u00e9hension commune des principales sources de donn\u00e9es existantes, d\u2019identifier les lacunes et les priorit\u00e9s en mati\u00e8re d\u2019exploitation, et d\u2019esquisser une premi\u00e8re feuille de route nationale d\u00e9di\u00e9e \u00e0 l\u2019analyse et \u00e0 la valorisation des donn\u00e9es sur les jeunes. Elle contribuera \u00e9galement \u00e0 renforcer la collaboration entre les acteurs engag\u00e9s dans l\u2019am\u00e9lioration de la sant\u00e9 et du bien-\u00eatre des adolescents et des jeunes.<\/p>\n\n\n\n<p><strong><em>Signature d\u2019un protocole d\u2019accord FM6SS-UNFPA<\/em><\/strong><\/p>\n\n\n\n<p>En compl\u00e9ment de cette initiative, la Fondation Mohammed VI des Sciences et de la Sant\u00e9 (FM6SS) et le Fonds des Nations-Unies pour la Population (UNFPA) ont proc\u00e9d\u00e9, le m\u00eame jour au sein du Centre Mohammed VI de la Recherche et de l\u2019Innovation, \u00e0 la signature d\u2019un protocole d\u2019accord visant \u00e0 \u00e9tablir un partenariat strat\u00e9gique dans leurs domaines d\u2019int\u00e9r\u00eat commun. Ce partenariat porte notamment sur la promotion de la responsabilit\u00e9 sociale des entreprises en mati\u00e8re de sant\u00e9 maternelle, de sant\u00e9 et de bien-\u00eatre des adolescents et des jeunes, ainsi que sur les droits et la sant\u00e9 sexuelle et reproductive.<\/p>\n","protected":false},"excerpt":{"rendered":"<p>La jeunesse au Maroc repr\u00e9sente un levier strat\u00e9gique pour le d\u00e9veloppement durable et la prosp\u00e9rit\u00e9 du pays. Investir dans sa sant\u00e9, son bien-\u00eatre et son autonomisation constitue une priorit\u00e9 nationale pour tirer pleinement profit du dividende d\u00e9mographique. Or, la formulation de politiques publiques efficaces d\u00e9pend de la disponibilit\u00e9, de la qualit\u00e9 et de l\u2019exploitation optimale &hellip;<\/p>\n","protected":false},"author":9,"featured_media":40743,"comment_status":"open","ping_status":"closed","sticky":false,"template":"","format":"standard","meta":{"footnotes":""},"categories":[492],"tags":[],"class_list":["post-40757","post","type-post","status-publish","format-standard","has-post-thumbnail","hentry","category-forum"],"_links":{"self":[{"href":"https:\/\/letempsmag.ma\/index.php?rest_route=\/wp\/v2\/posts\/40757","targetHints":{"allow":["GET"]}}],"collection":[{"href":"https:\/\/letempsmag.ma\/index.php?rest_route=\/wp\/v2\/posts"}],"about":[{"href":"https:\/\/letempsmag.ma\/index.php?rest_route=\/wp\/v2\/types\/post"}],"author":[{"embeddable":true,"href":"https:\/\/letempsmag.ma\/index.php?rest_route=\/wp\/v2\/users\/9"}],"replies":[{"embeddable":true,"href":"https:\/\/letempsmag.ma\/index.php?rest_route=%2Fwp%2Fv2%2Fcomments&post=40757"}],"version-history":[{"count":1,"href":"https:\/\/letempsmag.ma\/index.php?rest_route=\/wp\/v2\/posts\/40757\/revisions"}],"predecessor-version":[{"id":40758,"href":"https:\/\/letempsmag.ma\/index.php?rest_route=\/wp\/v2\/posts\/40757\/revisions\/40758"}],"wp:featuredmedia":[{"embeddable":true,"href":"https:\/\/letempsmag.ma\/index.php?rest_route=\/wp\/v2\/media\/40743"}],"wp:attachment":[{"href":"https:\/\/letempsmag.ma\/index.php?rest_route=%2Fwp%2Fv2%2Fmedia&parent=40757"}],"wp:term":[{"taxonomy":"category","embeddable":true,"href":"https:\/\/letempsmag.ma\/index.php?rest_route=%2Fwp%2Fv2%2Fcategories&post=40757"},{"taxonomy":"post_tag","embeddable":true,"href":"https:\/\/letempsmag.ma\/index.php?rest_route=%2Fwp%2Fv2%2Ftags&post=40757"}],"curies":[{"name":"wp","href":"https:\/\/api.w.org\/{rel}","templated":true}]}}