{"id":40755,"date":"2025-12-09T09:16:16","date_gmt":"2025-12-09T08:16:16","guid":{"rendered":"https:\/\/letempsmag.ma\/?p=40755"},"modified":"2025-12-09T09:16:17","modified_gmt":"2025-12-09T08:16:17","slug":"le-festival-des-talents-de-casablanca-se-dedie-a-la-culture-et-aux-arts-locaux","status":"publish","type":"post","link":"https:\/\/letempsmag.ma\/?p=40755","title":{"rendered":"Le Festival des Talents de Casablanca se d\u00e9die \u00e0 la culture et aux arts locaux"},"content":{"rendered":"\n<p>La ville de Casablanca donne le coup d\u2019envoi de la deuxi\u00e8me \u00e9dition du Festival des Talents de Casablanca pour la culture et les arts locaux (Casa Wa Art 2025). Cet \u00e9v\u00e9nement annuel s\u2019attache \u00e0 r\u00e9v\u00e9ler et accompagner les nouvelles g\u00e9n\u00e9rations d\u2019artistes issus de la m\u00e9tropole, tout en affirmant Casablanca comme un territoire dynamique, riche de cr\u00e9ativit\u00e9 et d\u2019effervescence culturelle.<\/p>\n\n\n\n<p>L\u2019organisation de ce festival s\u2019aligne avec la vision port\u00e9e par la Commune de Casablanca, qui ambitionne de consolider le rayonnement culturel de la m\u00e9tropole et d\u2019insuffler une nouvelle vitalit\u00e9 \u00e0 ses espaces artistiques. La Soci\u00e9t\u00e9 de d\u00e9veloppement local Casablanca Events &amp; Animation assure la mise en \u0153uvre et la supervision de l\u2019ensemble des programmes et activit\u00e9s du festival.<\/p>\n\n\n\n<p>Abdelatif Naciri, Vice-Pr\u00e9sident de la Commune de Casablanca en charge des affaires culturelles et sportives, a d\u00e9clar\u00e9&nbsp;: \u00abLe Festival des Talents de Casablanca repr\u00e9sente un moment fort et un outil essentiel pour valoriser l\u2019expression artistique locale. Cette initiative strat\u00e9gique offre aux jeunes un cadre propice pour r\u00e9v\u00e9ler leurs talents dans diverses disciplines. \u00c0 travers ce projet culturel, la Commune entend consolider la position de Casablanca comme un p\u00f4le de cr\u00e9ation et d\u2019innovation, tout en ouvrant de nouveaux horizons aux jeunes de la ville afin qu\u2019ils puissent exprimer leurs ambitions et d\u00e9velopper leurs comp\u00e9tences. Nous r\u00e9it\u00e9rons notre engagement \u00e0 soutenir durablement ce rendez-vous annuel, convaincus qu\u2019il constitue un investissement r\u00e9el dans l\u2019avenir de la m\u00e9tropole et dans le potentiel de sa jeunesse\u00bb.<\/p>\n\n\n\n<p>De son c\u00f4t\u00e9, Mohamed Jouahri, Directeur G\u00e9n\u00e9ral de Casablanca Events &amp; Animation, a indiqu\u00e9&nbsp;: \u00abL\u2019organisation du Festival des Talents de Casablanca constitue pour l\u2019entreprise l\u2019occasion de consolider un mod\u00e8le professionnel dans la gestion des grands \u00e9v\u00e9nements culturels de la ville. Notre ambition est de cr\u00e9er une exp\u00e9rience artistique aboutie, capable de valoriser pleinement la cr\u00e9ativit\u00e9 locale et d\u2019offrir aux participants un cadre comp\u00e9titif \u00e0 la fois \u00e9quitable et stimulant. Nous consid\u00e9rons ce festival comme un projet culturel strat\u00e9gique sur lequel nous veillons \u00e0 progresser continuellement, afin d\u2019en faire une plateforme annuelle d\u00e9di\u00e9e \u00e0 la d\u00e9couverte des talents et \u00e0 l\u2019\u00e9mergence de nouvelles opportunit\u00e9s artistiques \u00e0 Casablanca\u00bb.<\/p>\n\n\n\n<p>L\u2019\u00e9dition de cette ann\u00e9e se distingue par un programme renouvel\u00e9 qui refl\u00e8te l\u2019ouverture du festival \u00e0 une diversit\u00e9 de talents cr\u00e9atifs. Des comp\u00e9titions officielles et universitaires sont lanc\u00e9es afin d\u2019accompagner les talents \u00e0 diff\u00e9rents stades de leur parcours. La participation est ouverte aux adultes et aux \u00e9tudiants \u00e2g\u00e9s de 18 ans et plus.<\/p>\n\n\n\n<p>La deuxi\u00e8me \u00e9dition du festival sera \u00e9galement marqu\u00e9e par l\u2019hommage rendu \u00e0 plusieurs figures et personnalit\u00e9s casablancaises ayant contribu\u00e9 de mani\u00e8re remarquable au d\u00e9veloppement des arts et ayant laiss\u00e9 une empreinte notable dans leurs disciplines respectives.<\/p>\n\n\n\n<p><strong><em>Une diversit\u00e9 artistique riche<\/em><\/strong><\/p>\n\n\n\n<p>Le festival offre aux participants l\u2019occasion de concourir dans plusieurs disciplines cr\u00e9atives, parmi lesquelles le th\u00e9\u00e2tre collectif, l\u2019interpr\u00e9tation musicale ou vocale en solo, la photographie, l\u2019art num\u00e9rique et le design d\u2019objets, la peinture, la sculpture, la c\u00e9ramique artistique, l\u2019art de la calligraphie et la gravure, le court-m\u00e9trage et le film documentaire. Cette \u00e9dition devrait attirer de jeunes talents issus de divers quartiers de la ville, avec l\u2019ambition de fa\u00e7onner une sc\u00e8ne culturelle qui refl\u00e8te la richesse et la diversit\u00e9 de la cr\u00e9ativit\u00e9 casablancaise.<\/p>\n\n\n\n<p><strong><em>Des jurys avec une expertise artistique confirm\u00e9e<\/em><\/strong><\/p>\n\n\n\n<p>Les jurys du festival rassemblent des profils artistiques de haut niveau. Cinq commissions ind\u00e9pendantes, compos\u00e9es chacune de trois sp\u00e9cialistes reconnus dans leurs domaines, ont \u00e9t\u00e9 constitu\u00e9es conform\u00e9ment aux dispositions du r\u00e8glement int\u00e9rieur. Cette organisation a \u00e9t\u00e9 pens\u00e9e pour assurer des conditions d\u2019\u00e9valuation fond\u00e9es sur la transparence, l\u2019\u00e9quit\u00e9 et des crit\u00e8res clairement d\u00e9finis, offrant ainsi \u00e0 l\u2019ensemble des participants les m\u00eames chances dans le cadre d\u2019une comp\u00e9tition structur\u00e9e. Les membres des jurys accompagneront les candidats tout au long des diff\u00e9rentes \u00e9tapes de s\u00e9lection, jusqu\u2019\u00e0 la c\u00e9r\u00e9monie de cl\u00f4ture o\u00f9 seront d\u00e9voil\u00e9s les laur\u00e9ats.<\/p>\n\n\n\n<p><strong><em>Un parcours professionnel valoris\u00e9<\/em><\/strong><\/p>\n\n\n\n<p>Le festival se cl\u00f4turera par une grande soir\u00e9e artistique d\u00e9di\u00e9e \u00e0 la c\u00e9l\u00e9bration des laur\u00e9ats dans l\u2019ensemble des disciplines. Des prix financiers et mat\u00e9riels seront remis afin de soutenir leur d\u00e9marche cr\u00e9ative et de leur permettre de poursuivre leur parcours artistique avec davantage de confiance et de visibilit\u00e9. Le festival offre \u00e9galement aux talents participants l\u2019opportunit\u00e9 de se produire devant des jurys sp\u00e9cialis\u00e9s et des acteurs influents du paysage culturel. Les \u0153uvres les plus remarquables b\u00e9n\u00e9ficieront d\u2019une mise en lumi\u00e8re \u00e0 travers les canaux officiels du festival, renfor\u00e7ant ainsi leur pr\u00e9sence et leur rayonnement au niveau local.<\/p>\n\n\n\n<p><strong><em>Un espace d\u2019expression de l\u2019identit\u00e9 casablancaise<\/em><\/strong><\/p>\n\n\n\n<p>Le Festival des Talents de Casablanca pour la culture et les arts locaux constitue une plateforme privil\u00e9gi\u00e9e o\u00f9 se rencontrent cr\u00e9ation artistique et identit\u00e9 de la ville. Il contribue \u00e0 nourrir le dialogue entre les g\u00e9n\u00e9rations et \u00e0 encourager les jeunes \u00e0 exprimer leurs visions artistiques ainsi que les enjeux de leur soci\u00e9t\u00e9.<\/p>\n\n\n\n<p>La Commune de Casablanca et ses partenaires r\u00e9affirment leur volont\u00e9 de faire de cet \u00e9v\u00e9nement un rendez-vous annuel d\u00e9di\u00e9 \u00e0 la valorisation des talents, un espace ouvert destin\u00e9 \u00e0 faire \u00e9merger de nouvelles g\u00e9n\u00e9rations d\u2019artistes capables de repr\u00e9senter la ville dans les diff\u00e9rentes sc\u00e8nes culturelles.<\/p>\n","protected":false},"excerpt":{"rendered":"<p>La ville de Casablanca donne le coup d\u2019envoi de la deuxi\u00e8me \u00e9dition du Festival des Talents de Casablanca pour la culture et les arts locaux (Casa Wa Art 2025). Cet \u00e9v\u00e9nement annuel s\u2019attache \u00e0 r\u00e9v\u00e9ler et accompagner les nouvelles g\u00e9n\u00e9rations d\u2019artistes issus de la m\u00e9tropole, tout en affirmant Casablanca comme un territoire dynamique, riche de &hellip;<\/p>\n","protected":false},"author":9,"featured_media":40746,"comment_status":"open","ping_status":"closed","sticky":false,"template":"","format":"standard","meta":{"footnotes":""},"categories":[51],"tags":[],"class_list":["post-40755","post","type-post","status-publish","format-standard","has-post-thumbnail","hentry","category-culture"],"_links":{"self":[{"href":"https:\/\/letempsmag.ma\/index.php?rest_route=\/wp\/v2\/posts\/40755","targetHints":{"allow":["GET"]}}],"collection":[{"href":"https:\/\/letempsmag.ma\/index.php?rest_route=\/wp\/v2\/posts"}],"about":[{"href":"https:\/\/letempsmag.ma\/index.php?rest_route=\/wp\/v2\/types\/post"}],"author":[{"embeddable":true,"href":"https:\/\/letempsmag.ma\/index.php?rest_route=\/wp\/v2\/users\/9"}],"replies":[{"embeddable":true,"href":"https:\/\/letempsmag.ma\/index.php?rest_route=%2Fwp%2Fv2%2Fcomments&post=40755"}],"version-history":[{"count":1,"href":"https:\/\/letempsmag.ma\/index.php?rest_route=\/wp\/v2\/posts\/40755\/revisions"}],"predecessor-version":[{"id":40756,"href":"https:\/\/letempsmag.ma\/index.php?rest_route=\/wp\/v2\/posts\/40755\/revisions\/40756"}],"wp:featuredmedia":[{"embeddable":true,"href":"https:\/\/letempsmag.ma\/index.php?rest_route=\/wp\/v2\/media\/40746"}],"wp:attachment":[{"href":"https:\/\/letempsmag.ma\/index.php?rest_route=%2Fwp%2Fv2%2Fmedia&parent=40755"}],"wp:term":[{"taxonomy":"category","embeddable":true,"href":"https:\/\/letempsmag.ma\/index.php?rest_route=%2Fwp%2Fv2%2Fcategories&post=40755"},{"taxonomy":"post_tag","embeddable":true,"href":"https:\/\/letempsmag.ma\/index.php?rest_route=%2Fwp%2Fv2%2Ftags&post=40755"}],"curies":[{"name":"wp","href":"https:\/\/api.w.org\/{rel}","templated":true}]}}