{"id":4018,"date":"2021-06-16T11:04:37","date_gmt":"2021-06-16T11:04:37","guid":{"rendered":"https:\/\/letempsmag.ma\/?p=4018"},"modified":"2021-06-16T11:04:37","modified_gmt":"2021-06-16T11:04:37","slug":"laayoune-accueille-une-faculte-de-medecine-et-de-pharmacie","status":"publish","type":"post","link":"https:\/\/letempsmag.ma\/?p=4018","title":{"rendered":"La\u00e2youne accueille une Facult\u00e9 de M\u00e9decine et de Pharmacie"},"content":{"rendered":"\n<p>Une Facult\u00e9 de M\u00e9decine et de Pharmacie ouvrira ses portes \u00e0 La\u00e2youne en septembre prochain pour accueillir les nombreux \u00e9tudiants des provinces du Sud. Le D\u00e9partement minist\u00e9riel de l\u2019Enseignement sup\u00e9rieur a d\u2019ores et d\u00e9j\u00e0 lanc\u00e9 la phase de d\u00e9p\u00f4t des candidatures pour le concours d\u2019acc\u00e8s \u00e0 cette Facult\u00e9 pour la saison universitaire 2021-2022, marquant ainsi la mise en service de cet \u00e9tablissement de formation sup\u00e9rieure, qui aura n\u00e9cessit\u00e9 un investissement de 257 millions de DH.<\/p>\n\n\n\n<p>Dans une Circulaire, le D\u00e9partement de tutelle annonce que les candidatures pour le concours, qui concerne les 8 Facult\u00e9s de M\u00e9decine et de Pharmacie du Royaume, doivent \u00eatre d\u00e9pos\u00e9es entre le 15 juin et le 11 juillet prochain.<\/p>\n\n\n\n<p>Pour son ouverture, cette nouvelle Facult\u00e9 accueillera 100 \u00e9tudiants originaires des provinces de La\u00e2youne, Tan-Tan, Sidi Ifni, Tarfaya, Guelmim, Aousserd, Oued Eddahab, Es-Semara, Boujdour et Assa-Zag. L\u2019\u00e9tablissement universitaire s\u2019\u00e9tend sur une superficie de 10 hectares et rentre dans le cadre de la strat\u00e9gie du Maroc de former 3.300 m\u00e9decins par an, pour doubler la densit\u00e9 m\u00e9dicale et passer de 6 \u00e0 10 m\u00e9decins pour 10.000 habitants.<\/p>\n\n\n\n<p>La Facult\u00e9 est dot\u00e9e de centres de formation comprenant entre autres un amphith\u00e9\u00e2tre de 400 places, trois salles de 50 places, quatre salles de soutenance de th\u00e8ses, quatre salles de s\u00e9minaire et quatre salles de r\u00e9unions. Elle comprend \u00e9galement quatre autres salles de r\u00e9unions, des laboratoires sp\u00e9cialis\u00e9s, des centres de recherche, quatre amphith\u00e9\u00e2tres de 300 places, six salles de cours de 60 places et 10 salles de travaux dirig\u00e9s. Cette Facult\u00e9 est l\u2019un des chantiers embl\u00e9matiques du nouveau mod\u00e8le de d\u00e9veloppement des provinces du Sud, lanc\u00e9 en 2015 par S.M. le Roi Mohammed VI pour un programme d\u2019investissements de plus de 77 milliards de DH.<\/p>\n\n\n\n<p><strong>A. A.<\/strong><\/p>\n","protected":false},"excerpt":{"rendered":"<p>Une Facult\u00e9 de M\u00e9decine et de Pharmacie ouvrira ses portes \u00e0 La\u00e2youne en septembre prochain pour accueillir les nombreux \u00e9tudiants des provinces du Sud. Le D\u00e9partement minist\u00e9riel de l\u2019Enseignement sup\u00e9rieur a d\u2019ores et d\u00e9j\u00e0 lanc\u00e9 la phase de d\u00e9p\u00f4t des candidatures pour le concours d\u2019acc\u00e8s \u00e0 cette Facult\u00e9 pour la saison universitaire 2021-2022, marquant ainsi &hellip;<\/p>\n","protected":false},"author":9,"featured_media":4019,"comment_status":"open","ping_status":"closed","sticky":false,"template":"","format":"standard","meta":{"footnotes":""},"categories":[37],"tags":[],"class_list":["post-4018","post","type-post","status-publish","format-standard","has-post-thumbnail","hentry","category-formation"],"_links":{"self":[{"href":"https:\/\/letempsmag.ma\/index.php?rest_route=\/wp\/v2\/posts\/4018","targetHints":{"allow":["GET"]}}],"collection":[{"href":"https:\/\/letempsmag.ma\/index.php?rest_route=\/wp\/v2\/posts"}],"about":[{"href":"https:\/\/letempsmag.ma\/index.php?rest_route=\/wp\/v2\/types\/post"}],"author":[{"embeddable":true,"href":"https:\/\/letempsmag.ma\/index.php?rest_route=\/wp\/v2\/users\/9"}],"replies":[{"embeddable":true,"href":"https:\/\/letempsmag.ma\/index.php?rest_route=%2Fwp%2Fv2%2Fcomments&post=4018"}],"version-history":[{"count":1,"href":"https:\/\/letempsmag.ma\/index.php?rest_route=\/wp\/v2\/posts\/4018\/revisions"}],"predecessor-version":[{"id":4020,"href":"https:\/\/letempsmag.ma\/index.php?rest_route=\/wp\/v2\/posts\/4018\/revisions\/4020"}],"wp:featuredmedia":[{"embeddable":true,"href":"https:\/\/letempsmag.ma\/index.php?rest_route=\/wp\/v2\/media\/4019"}],"wp:attachment":[{"href":"https:\/\/letempsmag.ma\/index.php?rest_route=%2Fwp%2Fv2%2Fmedia&parent=4018"}],"wp:term":[{"taxonomy":"category","embeddable":true,"href":"https:\/\/letempsmag.ma\/index.php?rest_route=%2Fwp%2Fv2%2Fcategories&post=4018"},{"taxonomy":"post_tag","embeddable":true,"href":"https:\/\/letempsmag.ma\/index.php?rest_route=%2Fwp%2Fv2%2Ftags&post=4018"}],"curies":[{"name":"wp","href":"https:\/\/api.w.org\/{rel}","templated":true}]}}