{"id":4015,"date":"2021-06-16T11:03:56","date_gmt":"2021-06-16T11:03:56","guid":{"rendered":"https:\/\/letempsmag.ma\/?p=4015"},"modified":"2021-06-16T11:03:57","modified_gmt":"2021-06-16T11:03:57","slug":"sage-maroc-met-le-curseur-sur-la-dematerialisation-fiscale","status":"publish","type":"post","link":"https:\/\/letempsmag.ma\/?p=4015","title":{"rendered":"SAGE Maroc met le curseur sur la d\u00e9mat\u00e9rialisation fiscale"},"content":{"rendered":"\n<p>C\u2019est autour d\u2019une table ronde avec des repr\u00e9sentants de la presse nationale, organis\u00e9e hier mardi \u00e0 Casablanca, que SAGE Maroc a d\u00e9battu de la d\u00e9mat\u00e9rialisation de la TVA et sa contribution \u00e0 la relance \u00e9conomique, en se basant sur les r\u00e9sultats du dernier \u00abBarom\u00e8tre de la TVA\u00bb. Le d\u00e9bat a \u00e9t\u00e9 men\u00e9 par Abdellah Marrakchi, Head of Sales de SAGE Afrique du Nord, avec Yassine Benkerroum, expert-comptable et Commissaire aux comptes, ainsi que Taib Abdelhanine Debbagh, Directeur Administratif et Financier de la M\u00e9diterran\u00e9enne du B\u00e9ton.<\/p>\n\n\n\n<p>L\u2019\u00e9tude \u00abBarom\u00e8tre de la TVA\u00bb a \u00e9t\u00e9 r\u00e9alis\u00e9e par SAGE aupr\u00e8s de 165 PME marocaines. Le but&nbsp;: mettre en lumi\u00e8re l\u2019exp\u00e9rience v\u00e9cue par les entreprises concern\u00e9es sur l\u2019obligation de la t\u00e9l\u00e9-d\u00e9claration ainsi que les challenges auxquels elles font face. Sur les 165 entreprises interrog\u00e9es, 92% d\u2019entre elles d\u00e9clarent utiliser le proc\u00e9d\u00e9 de l\u2019EDI (\u00c9change des Donn\u00e9es Informatis\u00e9). 88% de ces entreprises sont assujetties \u00e0 un mode d\u2019imposition mensuel. Pr\u00e8s de 30% d\u2019entre elles estiment qu\u2019une journ\u00e9e est le d\u00e9lai n\u00e9cessaire pour r\u00e9aliser la d\u00e9claration mensuelle de la TVA.<\/p>\n\n\n\n<p>Par ailleurs, si 65% des entreprises concern\u00e9es n\u2019ont pas eu de difficult\u00e9s \u00e0 s\u2019adapter \u00e0 la t\u00e9l\u00e9-d\u00e9claration fiscale, pas moins de 60,6% des PME affirment que le syst\u00e8me d\u2019information interne a \u00e9t\u00e9 le plus grand challenge de cette d\u00e9mat\u00e9rialisation fiscale contre 16,5% qui estiment que le d\u00e9fi principal a \u00e9t\u00e9 la comp\u00e9tence en interne.<\/p>\n\n\n\n<p>\u00c0 noter \u00e9galement que 38% des entreprises sond\u00e9es affirment que la productivit\u00e9 et le gain de temps sont les premiers avantages de cette digitalisation fiscale. Cela a aussi permis de r\u00e9duire leurs charges fixes tout en leur offrant une tra\u00e7abilit\u00e9 de leurs op\u00e9rations, une instantan\u00e9it\u00e9 de l\u2019information et une s\u00e9curit\u00e9 garantie.<\/p>\n\n\n\n<p>Rappelons que SAGE, fond\u00e9e en 1981 par l\u2019entrepreneur britannique David Goldman, est actuellement leader mondial du march\u00e9 des solutions de comptabilit\u00e9, de paie et de gestion commerciale dans le cloud.<\/p>\n\n\n\n<p><strong>L. F.<\/strong><strong><\/strong><\/p>\n","protected":false},"excerpt":{"rendered":"<p>C\u2019est autour d\u2019une table ronde avec des repr\u00e9sentants de la presse nationale, organis\u00e9e hier mardi \u00e0 Casablanca, que SAGE Maroc a d\u00e9battu de la d\u00e9mat\u00e9rialisation de la TVA et sa contribution \u00e0 la relance \u00e9conomique, en se basant sur les r\u00e9sultats du dernier \u00abBarom\u00e8tre de la TVA\u00bb. Le d\u00e9bat a \u00e9t\u00e9 men\u00e9 par Abdellah Marrakchi, &hellip;<\/p>\n","protected":false},"author":9,"featured_media":4016,"comment_status":"open","ping_status":"closed","sticky":false,"template":"","format":"standard","meta":{"footnotes":""},"categories":[181],"tags":[],"class_list":["post-4015","post","type-post","status-publish","format-standard","has-post-thumbnail","hentry","category-e-services"],"_links":{"self":[{"href":"https:\/\/letempsmag.ma\/index.php?rest_route=\/wp\/v2\/posts\/4015","targetHints":{"allow":["GET"]}}],"collection":[{"href":"https:\/\/letempsmag.ma\/index.php?rest_route=\/wp\/v2\/posts"}],"about":[{"href":"https:\/\/letempsmag.ma\/index.php?rest_route=\/wp\/v2\/types\/post"}],"author":[{"embeddable":true,"href":"https:\/\/letempsmag.ma\/index.php?rest_route=\/wp\/v2\/users\/9"}],"replies":[{"embeddable":true,"href":"https:\/\/letempsmag.ma\/index.php?rest_route=%2Fwp%2Fv2%2Fcomments&post=4015"}],"version-history":[{"count":1,"href":"https:\/\/letempsmag.ma\/index.php?rest_route=\/wp\/v2\/posts\/4015\/revisions"}],"predecessor-version":[{"id":4017,"href":"https:\/\/letempsmag.ma\/index.php?rest_route=\/wp\/v2\/posts\/4015\/revisions\/4017"}],"wp:featuredmedia":[{"embeddable":true,"href":"https:\/\/letempsmag.ma\/index.php?rest_route=\/wp\/v2\/media\/4016"}],"wp:attachment":[{"href":"https:\/\/letempsmag.ma\/index.php?rest_route=%2Fwp%2Fv2%2Fmedia&parent=4015"}],"wp:term":[{"taxonomy":"category","embeddable":true,"href":"https:\/\/letempsmag.ma\/index.php?rest_route=%2Fwp%2Fv2%2Fcategories&post=4015"},{"taxonomy":"post_tag","embeddable":true,"href":"https:\/\/letempsmag.ma\/index.php?rest_route=%2Fwp%2Fv2%2Ftags&post=4015"}],"curies":[{"name":"wp","href":"https:\/\/api.w.org\/{rel}","templated":true}]}}