{"id":39730,"date":"2025-11-07T10:52:48","date_gmt":"2025-11-07T09:52:48","guid":{"rendered":"https:\/\/letempsmag.ma\/?p=39730"},"modified":"2025-11-07T10:52:48","modified_gmt":"2025-11-07T09:52:48","slug":"le-festival-afrique-du-rire-sinvite-a-casablanca-et-fes-pour-un-torrent-dhumour","status":"publish","type":"post","link":"https:\/\/letempsmag.ma\/?p=39730","title":{"rendered":"Le Festival Afrique du Rire s\u2019invite \u00e0 Casablanca et F\u00e8s pour un torrent d\u2019humour"},"content":{"rendered":"\n<p>Sous le haut patronage de S.M. le Roi Mohammed VI, le Festival Afrique du Rire revient pour une 6<sup>\u00e8me<\/sup> \u00e9dition plac\u00e9e sous le signe du partage, de la fraternit\u00e9 et de la fiert\u00e9 panafricaine. Initi\u00e9 par l\u2019humoriste maroco-ivoirien Oualas, l\u2019\u00e9v\u00e9nement s\u2019impose comme un pont culturel entre le Maroc et le reste du continent, c\u00e9l\u00e9brant le rire comme langage universel de l\u2019unit\u00e9 africaine.<\/p>\n\n\n\n<p>Cette \u00e9dition sp\u00e9ciale, qui co\u00efncide avec le cinquantenaire de la Marche Verte, s\u2019annonce plus ambitieuse que jamais. Elle r\u00e9unit une pl\u00e9iade d\u2019artistes venus du Maroc, de C\u00f4te d\u2019Ivoire, du Niger, de France et d\u2019autres pays africains, confirmant la vitalit\u00e9 et la diversit\u00e9 de la sc\u00e8ne humoristique contemporaine.<\/p>\n\n\n\n<p>Parmi les t\u00eates d\u2019affiche figurent Camille Lellouche, Le Magnific, Jason Brokerss, Ramatoulaye, Jalil Tijani ou encore Mimo Lazrak, pour une programmation \u00e9clectique et f\u00e9d\u00e9ratrice.<\/p>\n\n\n\n<p>La tourn\u00e9e d\u00e9marre au Maroc, avec deux soir\u00e9es \u00e0 Casablanca (M\u00e9garama) le 12 novembre, et \u00e0 F\u00e8s (M\u00e9garama) le 13 novembre, avant de se poursuivre \u00e0 Niamey puis Abidjan, dessinant une v\u00e9ritable carte du rire \u00e0 travers l\u2019Afrique.<\/p>\n\n\n\n<p>Plus qu\u2019un festival, Afrique du Rire est une c\u00e9l\u00e9bration d\u2019un continent en mouvement o\u00f9 la culture devient un trait d\u2019union entre les peuples. Une invitation \u00e0 partager, \u00e0 r\u00eaver et \u00e0 s\u2019unir dans une m\u00eame \u00e9clatante joie de vivre.<\/p>\n\n\n\n<p><strong>L. F.<\/strong><\/p>\n","protected":false},"excerpt":{"rendered":"<p>Sous le haut patronage de S.M. le Roi Mohammed VI, le Festival Afrique du Rire revient pour une 6\u00e8me \u00e9dition plac\u00e9e sous le signe du partage, de la fraternit\u00e9 et de la fiert\u00e9 panafricaine. Initi\u00e9 par l\u2019humoriste maroco-ivoirien Oualas, l\u2019\u00e9v\u00e9nement s\u2019impose comme un pont culturel entre le Maroc et le reste du continent, c\u00e9l\u00e9brant le &hellip;<\/p>\n","protected":false},"author":9,"featured_media":39719,"comment_status":"open","ping_status":"closed","sticky":false,"template":"","format":"standard","meta":{"footnotes":""},"categories":[1267],"tags":[],"class_list":["post-39730","post","type-post","status-publish","format-standard","has-post-thumbnail","hentry","category-spectacles"],"_links":{"self":[{"href":"https:\/\/letempsmag.ma\/index.php?rest_route=\/wp\/v2\/posts\/39730","targetHints":{"allow":["GET"]}}],"collection":[{"href":"https:\/\/letempsmag.ma\/index.php?rest_route=\/wp\/v2\/posts"}],"about":[{"href":"https:\/\/letempsmag.ma\/index.php?rest_route=\/wp\/v2\/types\/post"}],"author":[{"embeddable":true,"href":"https:\/\/letempsmag.ma\/index.php?rest_route=\/wp\/v2\/users\/9"}],"replies":[{"embeddable":true,"href":"https:\/\/letempsmag.ma\/index.php?rest_route=%2Fwp%2Fv2%2Fcomments&post=39730"}],"version-history":[{"count":1,"href":"https:\/\/letempsmag.ma\/index.php?rest_route=\/wp\/v2\/posts\/39730\/revisions"}],"predecessor-version":[{"id":39731,"href":"https:\/\/letempsmag.ma\/index.php?rest_route=\/wp\/v2\/posts\/39730\/revisions\/39731"}],"wp:featuredmedia":[{"embeddable":true,"href":"https:\/\/letempsmag.ma\/index.php?rest_route=\/wp\/v2\/media\/39719"}],"wp:attachment":[{"href":"https:\/\/letempsmag.ma\/index.php?rest_route=%2Fwp%2Fv2%2Fmedia&parent=39730"}],"wp:term":[{"taxonomy":"category","embeddable":true,"href":"https:\/\/letempsmag.ma\/index.php?rest_route=%2Fwp%2Fv2%2Fcategories&post=39730"},{"taxonomy":"post_tag","embeddable":true,"href":"https:\/\/letempsmag.ma\/index.php?rest_route=%2Fwp%2Fv2%2Ftags&post=39730"}],"curies":[{"name":"wp","href":"https:\/\/api.w.org\/{rel}","templated":true}]}}