{"id":39482,"date":"2025-10-31T09:06:04","date_gmt":"2025-10-31T08:06:04","guid":{"rendered":"https:\/\/letempsmag.ma\/?p=39482"},"modified":"2025-10-31T09:06:04","modified_gmt":"2025-10-31T08:06:04","slug":"de-mdiq-a-dakhla-la-voile-celebre-les-50-ans-de-la-marche-verte","status":"publish","type":"post","link":"https:\/\/letempsmag.ma\/?p=39482","title":{"rendered":"De M\u2019Diq \u00e0 Dakhla, la Voile c\u00e9l\u00e8bre les 50 ans de la Marche Verte"},"content":{"rendered":"\n<p>\u00c0 l\u2019occasion du cinquantenaire de la Marche Verte et en partenariat avec le minist\u00e8re de l\u2019\u00c9ducation Nationale, du Pr\u00e9scolaire et des Sports, la F\u00e9d\u00e9ration Royale Marocaine de Voile (FRMV), lance un \u00e9v\u00e9nement national exceptionnel plac\u00e9 sous le th\u00e8me&nbsp;: \u00abLa Voile c\u00e9l\u00e8bre les 50 ans de la Marche Verte&nbsp;: de M\u2019Diq \u00e0 Dakhla\u00bb.<\/p>\n\n\n\n<p>Cette grande c\u00e9l\u00e9bration sportive, qui s\u2019\u00e9tend du nord au sud du Royaume, traduit la volont\u00e9 de la FRMV de faire de la voile un symbole d\u2019unit\u00e9, de coh\u00e9sion et de transmission.&nbsp;<\/p>\n\n\n\n<p>Tout au long du littoral marocain, les clubs affili\u00e9s \u00e0 la F\u00e9d\u00e9ration organisent des r\u00e9gates, rallyes et animations maritimes pour comm\u00e9morer cet \u00e9v\u00e9nement historique dans un esprit de f\u00eate, de m\u00e9moire et de performance.<\/p>\n\n\n\n<p><strong><em>Une c\u00e9l\u00e9bration de la mer et de l\u2019unit\u00e9 nationale<\/em><\/strong><\/p>\n\n\n\n<p>\u00c0 M\u2019Diq, le Royal Yacht Club organise, les 5 et 6 novembre, la 35<sup>\u00e8me<\/sup> Coupe d\u2019Al Massira, un rendez-vous embl\u00e9matique qui rassemble les jeunes navigateurs dans les classes \u00abOptimist\u00bb, \u00abILCA 4\u00bb et \u00abILCA 6\u00bb.<\/p>\n\n\n\n<p>Ce m\u00eame esprit sportif anime la ville de Mohammedia o\u00f9 l\u2019Association Sportive du Yacht Club du Maroc tiendra, le 6 novembre, sa R\u00e9gate Statutaire de Voile, r\u00e9unissant les cat\u00e9gories \u00abILCA\u00bb et \u00abOptimist\u00bb, symbole de la rel\u00e8ve nationale.<\/p>\n\n\n\n<p>Plus au sud, Agadir prendra le relais les 6 et 7 novembre avec une s\u00e9rie de r\u00e9gates organis\u00e9es par le Yacht Club d\u2019Agadir, mettant \u00e0 l\u2019honneur les jeunes navigateurs en \u00abOptimist\u00bb et les \u00e9quipages des Catamarans.<\/p>\n\n\n\n<p>La c\u00e9l\u00e9bration se poursuivra ensuite \u00e0 Tarfaya, les 5 et 6 novembre, en r\u00e9unissant des comp\u00e9titeurs en \u00abOptimist\u00bb d\u00e9butants et confirm\u00e9s pour apprentissage et comp\u00e9tition.&nbsp;<\/p>\n\n\n\n<p>La Province de Tarfaya abritera \u00e9galement la 3<sup>\u00e8me<\/sup> \u00e9dition du Rallye de l\u2019Amiti\u00e9 Maritime Lanzarote-Tarfaya, les 14, 15 et 16 novembre. Un \u00e9v\u00e9nement organis\u00e9 par l\u2019Association Tarfaya des Sports Nautiques.<\/p>\n\n\n\n<p>Enfin, la cl\u00f4ture de cette c\u00e9l\u00e9bration nationale se tiendra \u00e0 Dakhla, au c\u0153ur du Sahara atlantique, les 7 et 8 novembre, sous l\u2019\u00e9gide de l\u2019Association Lagon Dakhla pour le D\u00e9veloppement du Sport et de l\u2019Animation Culturelle. Le mythique Down Wind de la M\u00e9moire, consacr\u00e9 aux disciplines \u00abDrifter\u00bb et \u00abWingfoil\u00bb, viendra symboliquement fermer cette travers\u00e9e maritime comm\u00e9morative, unissant toutes les r\u00e9gions du Royaume autour des valeurs de la Marche Verte.<\/p>\n\n\n\n<p><strong><em>Une mobilisation du Nord au Sud<\/em><\/strong><\/p>\n\n\n\n<p>\u00c0 travers cette initiative, la F\u00e9d\u00e9ration Royale Marocaine de Voile exprime son attachement \u00e0 la mer en tant qu\u2019espace de m\u00e9moire et de coh\u00e9sion nationale, et r\u00e9affirme sa mission de promouvoir la voile comme sport \u00e9ducatif, inclusif et porteur de valeurs universelles.<\/p>\n\n\n\n<p>Cette travers\u00e9e symbolique, de M\u2019Diq \u00e0 Dakhla, illustre la diversit\u00e9 et la vitalit\u00e9 du mouvement nautique marocain, mais aussi la capacit\u00e9 du sport \u00e0 rassembler toutes les g\u00e9n\u00e9rations autour d\u2019un id\u00e9al commun&nbsp;: un Maroc uni, fort et tourn\u00e9 vers l\u2019avenir.<\/p>\n","protected":false},"excerpt":{"rendered":"<p>\u00c0 l\u2019occasion du cinquantenaire de la Marche Verte et en partenariat avec le minist\u00e8re de l\u2019\u00c9ducation Nationale, du Pr\u00e9scolaire et des Sports, la F\u00e9d\u00e9ration Royale Marocaine de Voile (FRMV), lance un \u00e9v\u00e9nement national exceptionnel plac\u00e9 sous le th\u00e8me&nbsp;: \u00abLa Voile c\u00e9l\u00e8bre les 50 ans de la Marche Verte&nbsp;: de M\u2019Diq \u00e0 Dakhla\u00bb. Cette grande c\u00e9l\u00e9bration &hellip;<\/p>\n","protected":false},"author":9,"featured_media":39466,"comment_status":"open","ping_status":"closed","sticky":false,"template":"","format":"standard","meta":{"footnotes":""},"categories":[219],"tags":[],"class_list":["post-39482","post","type-post","status-publish","format-standard","has-post-thumbnail","hentry","category-anniversaire"],"_links":{"self":[{"href":"https:\/\/letempsmag.ma\/index.php?rest_route=\/wp\/v2\/posts\/39482","targetHints":{"allow":["GET"]}}],"collection":[{"href":"https:\/\/letempsmag.ma\/index.php?rest_route=\/wp\/v2\/posts"}],"about":[{"href":"https:\/\/letempsmag.ma\/index.php?rest_route=\/wp\/v2\/types\/post"}],"author":[{"embeddable":true,"href":"https:\/\/letempsmag.ma\/index.php?rest_route=\/wp\/v2\/users\/9"}],"replies":[{"embeddable":true,"href":"https:\/\/letempsmag.ma\/index.php?rest_route=%2Fwp%2Fv2%2Fcomments&post=39482"}],"version-history":[{"count":1,"href":"https:\/\/letempsmag.ma\/index.php?rest_route=\/wp\/v2\/posts\/39482\/revisions"}],"predecessor-version":[{"id":39483,"href":"https:\/\/letempsmag.ma\/index.php?rest_route=\/wp\/v2\/posts\/39482\/revisions\/39483"}],"wp:featuredmedia":[{"embeddable":true,"href":"https:\/\/letempsmag.ma\/index.php?rest_route=\/wp\/v2\/media\/39466"}],"wp:attachment":[{"href":"https:\/\/letempsmag.ma\/index.php?rest_route=%2Fwp%2Fv2%2Fmedia&parent=39482"}],"wp:term":[{"taxonomy":"category","embeddable":true,"href":"https:\/\/letempsmag.ma\/index.php?rest_route=%2Fwp%2Fv2%2Fcategories&post=39482"},{"taxonomy":"post_tag","embeddable":true,"href":"https:\/\/letempsmag.ma\/index.php?rest_route=%2Fwp%2Fv2%2Ftags&post=39482"}],"curies":[{"name":"wp","href":"https:\/\/api.w.org\/{rel}","templated":true}]}}