{"id":39474,"date":"2025-10-31T09:01:00","date_gmt":"2025-10-31T08:01:00","guid":{"rendered":"https:\/\/letempsmag.ma\/?p=39474"},"modified":"2025-10-31T09:01:00","modified_gmt":"2025-10-31T08:01:00","slug":"sanofi-et-marbio-concluent-un-partenariat-industriel-au-maroc","status":"publish","type":"post","link":"https:\/\/letempsmag.ma\/?p=39474","title":{"rendered":"Sanofi et Marbio concluent un partenariat industriel au Maroc"},"content":{"rendered":"\n<p>Sanofi et Marbio ont annonc\u00e9, le 28 octobre dernier, la ratification d\u2019un partenariat industriel et strat\u00e9gique portant sur la fabrication et fourniture locale de vaccins Sanofi au Maroc. L\u2019accord pr\u00e9voit la production au Maroc de vaccins pour prot\u00e9ger la population contre 7 maladies. Parmi ces solutions, un vaccin de combinaison p\u00e9diatrique \u00abhexavalent acellulaire&nbsp;: dipht\u00e9rie, t\u00e9tanos, coqueluche acellulaire, poliomy\u00e9lite, h\u00e9patite et Haemophilus influenzae de type \u00abB\u00bb. Il est destin\u00e9 \u00e0 la primo-vaccination et aux rappels chez les nourrissons contre plusieurs maladies infectieuses chez les nourrissons ainsi qu\u2019un vaccin anti-m\u00e9ningococcique indiqu\u00e9 pour l\u2019immunisation active des sujets \u00e0 partir de 12 mois.<\/p>\n\n\n\n<p>Les deux partenaires explorent \u00e9galement une collaboration \u00e9largie pour la production d\u2019autres vaccins innovants, notamment contre la rage, la grippe, la fi\u00e8vre jaune et des vaccins de rappels. Sanofi et Marbio ont, en effet, la volont\u00e9 partag\u00e9e d\u2019innover et d\u2019exceller dans la production vaccinale pour le Maroc et \u00e0 l\u2019international, en s\u2019appuyant sur les technologies de derni\u00e8re g\u00e9n\u00e9ration et les standards internationaux les plus exigeants.<\/p>\n\n\n\n<p>Marc Funk Pr\u00e9sident Directeur G\u00e9n\u00e9ral de Marbio d\u00e9clare&nbsp;: \u00abCet accord avec Sanofi repr\u00e9sente une avanc\u00e9e majeure vers l\u2019\u00e9tablissement d\u2019un r\u00e9seau de production vaccinale africain, capable de r\u00e9pondre durablement aux besoins du continent. En s\u2019appuyant sur des partenariats solides et un transfert de savoir-faire, nous contribuons \u00e0 b\u00e2tir une autonomie sanitaire r\u00e9gionale fond\u00e9e sur la qualit\u00e9, la comp\u00e9tence et l\u2019innovation\u00bb.<\/p>\n\n\n\n<p>Pour sa part, Jean-Philippe Proust, Directeur G\u00e9n\u00e9ral Afrique Vaccins Sanofi, confie&nbsp;: \u00abNous sommes heureux de renforcer notre pr\u00e9sence en Afrique \u00e0 travers ce partenariat avec Marbio. Ensemble, nous \u0153uvrons \u00e0 \u00e9largir la couverture vaccinale et \u00e0 soutenir le d\u00e9veloppement d\u2019un \u00e9cosyst\u00e8me biotechnologique local au service des populations\u00bb.<\/p>\n\n\n\n<p>Sous la coordination de Younes Hilalli, Directeur G\u00e9n\u00e9ral de Marbio, et de Himed Zalegh, Directeur G\u00e9n\u00e9ral Afrique du Nord Vaccins chez Sanofi, les \u00e9quipes conjointes travaillent d\u00e9j\u00e0 \u00e0 la mise en \u0153uvre op\u00e9rationnelle du programme, depuis le site de Benslimane. Ce partenariat s\u2019inscrit dans la strat\u00e9gie de Marbio visant \u00e0 faire du Maroc une plateforme industrielle de r\u00e9f\u00e9rence au service de la souverainet\u00e9 vaccinale africaine, en pla\u00e7ant la science, la qualit\u00e9 et la coop\u00e9ration internationale au c\u0153ur de son action.<\/p>\n","protected":false},"excerpt":{"rendered":"<p>Sanofi et Marbio ont annonc\u00e9, le 28 octobre dernier, la ratification d\u2019un partenariat industriel et strat\u00e9gique portant sur la fabrication et fourniture locale de vaccins Sanofi au Maroc. L\u2019accord pr\u00e9voit la production au Maroc de vaccins pour prot\u00e9ger la population contre 7 maladies. Parmi ces solutions, un vaccin de combinaison p\u00e9diatrique \u00abhexavalent acellulaire&nbsp;: dipht\u00e9rie, t\u00e9tanos, &hellip;<\/p>\n","protected":false},"author":9,"featured_media":39463,"comment_status":"open","ping_status":"closed","sticky":false,"template":"","format":"standard","meta":{"footnotes":""},"categories":[26],"tags":[],"class_list":["post-39474","post","type-post","status-publish","format-standard","has-post-thumbnail","hentry","category-sante"],"_links":{"self":[{"href":"https:\/\/letempsmag.ma\/index.php?rest_route=\/wp\/v2\/posts\/39474","targetHints":{"allow":["GET"]}}],"collection":[{"href":"https:\/\/letempsmag.ma\/index.php?rest_route=\/wp\/v2\/posts"}],"about":[{"href":"https:\/\/letempsmag.ma\/index.php?rest_route=\/wp\/v2\/types\/post"}],"author":[{"embeddable":true,"href":"https:\/\/letempsmag.ma\/index.php?rest_route=\/wp\/v2\/users\/9"}],"replies":[{"embeddable":true,"href":"https:\/\/letempsmag.ma\/index.php?rest_route=%2Fwp%2Fv2%2Fcomments&post=39474"}],"version-history":[{"count":1,"href":"https:\/\/letempsmag.ma\/index.php?rest_route=\/wp\/v2\/posts\/39474\/revisions"}],"predecessor-version":[{"id":39475,"href":"https:\/\/letempsmag.ma\/index.php?rest_route=\/wp\/v2\/posts\/39474\/revisions\/39475"}],"wp:featuredmedia":[{"embeddable":true,"href":"https:\/\/letempsmag.ma\/index.php?rest_route=\/wp\/v2\/media\/39463"}],"wp:attachment":[{"href":"https:\/\/letempsmag.ma\/index.php?rest_route=%2Fwp%2Fv2%2Fmedia&parent=39474"}],"wp:term":[{"taxonomy":"category","embeddable":true,"href":"https:\/\/letempsmag.ma\/index.php?rest_route=%2Fwp%2Fv2%2Fcategories&post=39474"},{"taxonomy":"post_tag","embeddable":true,"href":"https:\/\/letempsmag.ma\/index.php?rest_route=%2Fwp%2Fv2%2Ftags&post=39474"}],"curies":[{"name":"wp","href":"https:\/\/api.w.org\/{rel}","templated":true}]}}