{"id":39472,"date":"2025-10-31T08:59:19","date_gmt":"2025-10-31T07:59:19","guid":{"rendered":"https:\/\/letempsmag.ma\/?p=39472"},"modified":"2025-10-31T08:59:19","modified_gmt":"2025-10-31T07:59:19","slug":"bernhard-h-mayer-lance-un-challenge-regional-en-soutien-a-la-lutte-contre-le-cancer-du-sein","status":"publish","type":"post","link":"https:\/\/letempsmag.ma\/?p=39472","title":{"rendered":"Bernhard H. Mayer lance un challenge r\u00e9gional en soutien \u00e0 la lutte contre le cancer du sein"},"content":{"rendered":"\n<p>Bernhard H. Mayer, prestigieuse maison suisse de joaillerie et d\u2019horlogerie de luxe fond\u00e9e en 1871, a d\u00e9voil\u00e9 r\u00e9cemment un challenge d\u2019innovation ouvert \u00e0 l\u2019\u00e9chelle r\u00e9gionale, \u00e0 l\u2019occasion d\u2019Octobre Rose.<\/p>\n\n\n\n<p><strong><em>Un h\u00e9ritage fa\u00e7onn\u00e9 par le sens et l\u2019engagement<\/em><\/strong><\/p>\n\n\n\n<p>\u00c0 travers cette initiative, la marque \u00e9tablit un pont entre la cr\u00e9ation artistique et le savoir-faire artisanal, en transformant l\u2019acte cr\u00e9atif en un levier d\u2019engagement social. De jeunes designers issus de toute la r\u00e9gion MENA (Moyen-Orient et Afrique du Nord), y compris du Maroc, sont invit\u00e9s \u00e0 concevoir une montre \u00abOctobre Rose\u00bb symbolisant l\u2019espoir, la force et l\u2019autonomisation des femmes touch\u00e9es par le cancer du sein.<\/p>\n\n\n\n<p>\u00abChez Bernhard H. Mayer, nous sommes convaincus que le vrai luxe est intemporel, non seulement par son esth\u00e9tique, mais aussi par sa raison d\u2019\u00eatre\u00bb, d\u00e9clare JR Mayer, repr\u00e9sentant de la cinqui\u00e8me g\u00e9n\u00e9ration de la famille fondatrice. \u00abCe challenge donne aux jeunes cr\u00e9ateurs l\u2019opportunit\u00e9 de concevoir une beaut\u00e9 porteuse de sens, et de d\u00e9montrer que la compassion peut \u00eatre la forme d\u2019art la plus noble\u00bb, ajoute-t-il.<\/p>\n\n\n\n<p><strong><em>Encourager la nouvelle g\u00e9n\u00e9ration de cr\u00e9ateurs<\/em><\/strong><\/p>\n\n\n\n<p>Pour concr\u00e9tiser cette ambition au Maroc, Bernhard H. Mayer s\u2019est associ\u00e9 \u00e0 l\u2019\u00c9cole Sup\u00e9rieure des Beaux-Arts de Casablanca (ESBAC). Une session introductive a permis aux \u00e9tudiants en design de d\u00e9couvrir les objectifs du challenge, les grands principes de conception, ainsi que l\u2019h\u00e9ritage d\u2019excellence horlog\u00e8re suisse qui caract\u00e9rise la marque.<\/p>\n\n\n\n<p>\u00abCette collaboration avec l\u2019ESBAC nous permet d\u2019accompagner l\u2019\u00e9mergence des talents cr\u00e9atifs de demain. C\u2019est une occasion unique pour ces jeunes designers marocains de faire rayonner leur cr\u00e9ativit\u00e9 \u00e0 l\u2019\u00e9chelle r\u00e9gionale tout en s\u2019engageant pour une cause qui touche des millions de vies\u00bb, souligne Imed Khalifa, Directeur G\u00e9n\u00e9ral de QN Maroc, distributeur officiel de Bernhard H. Mayer au Maroc.<\/p>\n\n\n\n<p>Pour sa part, Said Guihia, Directeur de l\u2019ESBAC, confie&nbsp;: \u00abPour nos \u00e9tudiants, il ne s\u2019agit pas simplement d\u2019un exercice de style. Ce projet leur offre l\u2019opportunit\u00e9 de relier leur r\u00e9flexion cr\u00e9ative \u00e0 une cause profond\u00e9ment humaine, et de vivre une exp\u00e9rience o\u00f9 le design devient vecteur d\u2019espoir et d\u2019empathie. Nous sommes fiers de voir la cr\u00e9ativit\u00e9 marocaine s\u2019inscrire dans ce dialogue r\u00e9gional port\u00e9 par une marque aussi embl\u00e9matique\u00bb.<\/p>\n\n\n\n<p><strong><em>Une cr\u00e9ation porteuse d\u2019engagement<\/em><\/strong><\/p>\n\n\n\n<p>Avec ce challenge, Bernhard H. Mayer prolonge ainsi son h\u00e9ritage d\u2019excellence artisanale au-del\u00e0 du simple design. L\u2019initiative invite les jeunes talents \u00e0 penser avec audace, \u00e0 cr\u00e9er avec conviction et \u00e0 red\u00e9finir l\u2019innovation autour d\u2019une mission solidaire.<\/p>\n\n\n\n<p>Chaque cr\u00e9ation sign\u00e9e Mayer c\u00e9l\u00e8bre la passion, la pr\u00e9cision et l\u2019accomplissement. Ce challenge permet aux \u00e9tudiants de donner vie \u00e0 ces valeurs \u00e0 travers une d\u00e9marche concr\u00e8te, en transformant une id\u00e9e en une r\u00e9alisation porteuse de sens, et en r\u00e9affirmant la vision de la marque selon laquelle le v\u00e9ritable luxe r\u00e9side dans la cr\u00e9ativit\u00e9, l\u2019engagement et le progr\u00e8s.<\/p>\n\n\n\n<p><strong><em>Imaginer la montre de l\u2019espoir<\/em><\/strong><\/p>\n\n\n\n<p>Le design laur\u00e9at, s\u00e9lectionn\u00e9 dans la r\u00e9gion MENA (Moyen Orient et Afrique du Nord), sera transform\u00e9 en une v\u00e9ritable montre Bernhard H. Mayer et d\u00e9voil\u00e9 au niveau international lors d\u2019Octobre Rose 2026. Le ou la gagnante b\u00e9n\u00e9ficiera \u00e9galement d\u2019un programme de mentorat exclusif au sein du si\u00e8ge de la marque \u00e0 Bienne, en Suisse. Par ailleurs, une partie des b\u00e9n\u00e9fices g\u00e9n\u00e9r\u00e9s par la vente de cette montre embl\u00e9matique sera revers\u00e9e \u00e0 une association locale de lutte contre le cancer du sein, dans le pays d\u2019origine du ou de la laur\u00e9ate.<\/p>\n","protected":false},"excerpt":{"rendered":"<p>Bernhard H. Mayer, prestigieuse maison suisse de joaillerie et d\u2019horlogerie de luxe fond\u00e9e en 1871, a d\u00e9voil\u00e9 r\u00e9cemment un challenge d\u2019innovation ouvert \u00e0 l\u2019\u00e9chelle r\u00e9gionale, \u00e0 l\u2019occasion d\u2019Octobre Rose. Un h\u00e9ritage fa\u00e7onn\u00e9 par le sens et l\u2019engagement \u00c0 travers cette initiative, la marque \u00e9tablit un pont entre la cr\u00e9ation artistique et le savoir-faire artisanal, en &hellip;<\/p>\n","protected":false},"author":9,"featured_media":39461,"comment_status":"open","ping_status":"closed","sticky":false,"template":"","format":"standard","meta":{"footnotes":""},"categories":[300],"tags":[],"class_list":["post-39472","post","type-post","status-publish","format-standard","has-post-thumbnail","hentry","category-societe-2"],"_links":{"self":[{"href":"https:\/\/letempsmag.ma\/index.php?rest_route=\/wp\/v2\/posts\/39472","targetHints":{"allow":["GET"]}}],"collection":[{"href":"https:\/\/letempsmag.ma\/index.php?rest_route=\/wp\/v2\/posts"}],"about":[{"href":"https:\/\/letempsmag.ma\/index.php?rest_route=\/wp\/v2\/types\/post"}],"author":[{"embeddable":true,"href":"https:\/\/letempsmag.ma\/index.php?rest_route=\/wp\/v2\/users\/9"}],"replies":[{"embeddable":true,"href":"https:\/\/letempsmag.ma\/index.php?rest_route=%2Fwp%2Fv2%2Fcomments&post=39472"}],"version-history":[{"count":1,"href":"https:\/\/letempsmag.ma\/index.php?rest_route=\/wp\/v2\/posts\/39472\/revisions"}],"predecessor-version":[{"id":39473,"href":"https:\/\/letempsmag.ma\/index.php?rest_route=\/wp\/v2\/posts\/39472\/revisions\/39473"}],"wp:featuredmedia":[{"embeddable":true,"href":"https:\/\/letempsmag.ma\/index.php?rest_route=\/wp\/v2\/media\/39461"}],"wp:attachment":[{"href":"https:\/\/letempsmag.ma\/index.php?rest_route=%2Fwp%2Fv2%2Fmedia&parent=39472"}],"wp:term":[{"taxonomy":"category","embeddable":true,"href":"https:\/\/letempsmag.ma\/index.php?rest_route=%2Fwp%2Fv2%2Fcategories&post=39472"},{"taxonomy":"post_tag","embeddable":true,"href":"https:\/\/letempsmag.ma\/index.php?rest_route=%2Fwp%2Fv2%2Ftags&post=39472"}],"curies":[{"name":"wp","href":"https:\/\/api.w.org\/{rel}","templated":true}]}}