{"id":39458,"date":"2025-10-30T11:48:56","date_gmt":"2025-10-30T10:48:56","guid":{"rendered":"https:\/\/letempsmag.ma\/?p=39458"},"modified":"2025-10-30T11:48:56","modified_gmt":"2025-10-30T10:48:56","slug":"le-paraguay-va-ouvrir-un-consulat-a-dakhla","status":"publish","type":"post","link":"https:\/\/letempsmag.ma\/?p=39458","title":{"rendered":"Le Paraguay va ouvrir un consulat \u00e0 Dakhla"},"content":{"rendered":"\n<p>Le Ministre paraguayen des Affaires \u00e9trang\u00e8res, Rub\u00e9n Ram\u00edrez Lezcano, a annonc\u00e9 lors d\u2019une rencontre avec le Chef de la diplomatie marocaine, Nasser Bourita, que son pays a l\u2019intention d\u2019ouvrir un consulat g\u00e9n\u00e9ral \u00e0 Dakhla. Le Paraguay donne ainsi corps et force \u00e0 sa reconnaissance de la souverainet\u00e9 du Maroc sur le Sahara.&nbsp;<\/p>\n\n\n\n<p>Lors de sa rencontre avec son homologue marocain, le diplomate paraguayen a r\u00e9affirm\u00e9 le soutien de son pays au plan d\u2019autonomie, le qualifiant de solution \u00abs\u00e9rieuse, cr\u00e9dible et r\u00e9aliste\u00bb \u00e0 ce conflit artificiel.<\/p>\n\n\n\n<p>Le Paraguay avait retir\u00e9, en 2014, sa reconnaissance de la pseudo-\u00abR\u00e9publique arabe sahraouie d\u00e9mocratique\u00bb Depuis des ann\u00e9es, le Maroc et le Paraguay \u0153uvrent \u00e0 renforcer leur partenariat et l\u2019ouverture d\u2019un consulat \u00e0 Dakhla constitue un soutien diplomatique manifeste \u00e0 la cause nationale.<\/p>\n\n\n\n<p>Le Paraguay viendra ainsi s\u2019ajouter \u00e0 une longue liste d\u2019\u00c9tats, notamment qui ont choisi d\u2019ouvrir des consulats au Sahara.<\/p>\n","protected":false},"excerpt":{"rendered":"<p>Le Ministre paraguayen des Affaires \u00e9trang\u00e8res, Rub\u00e9n Ram\u00edrez Lezcano, a annonc\u00e9 lors d\u2019une rencontre avec le Chef de la diplomatie marocaine, Nasser Bourita, que son pays a l\u2019intention d\u2019ouvrir un consulat g\u00e9n\u00e9ral \u00e0 Dakhla. Le Paraguay donne ainsi corps et force \u00e0 sa reconnaissance de la souverainet\u00e9 du Maroc sur le Sahara.&nbsp; Lors de sa &hellip;<\/p>\n","protected":false},"author":9,"featured_media":39429,"comment_status":"open","ping_status":"closed","sticky":false,"template":"","format":"standard","meta":{"footnotes":""},"categories":[218],"tags":[],"class_list":["post-39458","post","type-post","status-publish","format-standard","has-post-thumbnail","hentry","category-sahara"],"_links":{"self":[{"href":"https:\/\/letempsmag.ma\/index.php?rest_route=\/wp\/v2\/posts\/39458","targetHints":{"allow":["GET"]}}],"collection":[{"href":"https:\/\/letempsmag.ma\/index.php?rest_route=\/wp\/v2\/posts"}],"about":[{"href":"https:\/\/letempsmag.ma\/index.php?rest_route=\/wp\/v2\/types\/post"}],"author":[{"embeddable":true,"href":"https:\/\/letempsmag.ma\/index.php?rest_route=\/wp\/v2\/users\/9"}],"replies":[{"embeddable":true,"href":"https:\/\/letempsmag.ma\/index.php?rest_route=%2Fwp%2Fv2%2Fcomments&post=39458"}],"version-history":[{"count":1,"href":"https:\/\/letempsmag.ma\/index.php?rest_route=\/wp\/v2\/posts\/39458\/revisions"}],"predecessor-version":[{"id":39459,"href":"https:\/\/letempsmag.ma\/index.php?rest_route=\/wp\/v2\/posts\/39458\/revisions\/39459"}],"wp:featuredmedia":[{"embeddable":true,"href":"https:\/\/letempsmag.ma\/index.php?rest_route=\/wp\/v2\/media\/39429"}],"wp:attachment":[{"href":"https:\/\/letempsmag.ma\/index.php?rest_route=%2Fwp%2Fv2%2Fmedia&parent=39458"}],"wp:term":[{"taxonomy":"category","embeddable":true,"href":"https:\/\/letempsmag.ma\/index.php?rest_route=%2Fwp%2Fv2%2Fcategories&post=39458"},{"taxonomy":"post_tag","embeddable":true,"href":"https:\/\/letempsmag.ma\/index.php?rest_route=%2Fwp%2Fv2%2Ftags&post=39458"}],"curies":[{"name":"wp","href":"https:\/\/api.w.org\/{rel}","templated":true}]}}