{"id":39452,"date":"2025-10-30T11:40:18","date_gmt":"2025-10-30T10:40:18","guid":{"rendered":"https:\/\/letempsmag.ma\/?p=39452"},"modified":"2025-10-30T11:40:18","modified_gmt":"2025-10-30T10:40:18","slug":"dattes-une-production-previsionnelle-estimee-a-plus-de-160-000-tonnes","status":"publish","type":"post","link":"https:\/\/letempsmag.ma\/?p=39452","title":{"rendered":"Dattes\u00a0: une production pr\u00e9visionnelle estim\u00e9e \u00e0 plus de 160.000 tonnes"},"content":{"rendered":"\n<p>\u00c0 l\u2019occasion de la 147<sup>\u00e8me<\/sup> \u00e9dition du Salon International des Dattes au Maroc (SIDATTES), qui se tient actuellement \u00e0 Erfoud, le Minist\u00e8re de l\u2019Agriculture, de la P\u00eache Maritime, du D\u00e9veloppement Rural et des Eaux et For\u00eats annonce une production pr\u00e9visionnelle des dattes estim\u00e9e \u00e0 plus de 160.000 tonnes pour la campagne 2025-2026, soit une hausse de 55% par rapport \u00e0 la campagne pr\u00e9c\u00e9dente.<\/p>\n\n\n\n<p>Cette performance, la plus \u00e9lev\u00e9e jamais enregistr\u00e9e au Maroc, s\u2019explique par des conditions climatiques favorables au d\u00e9veloppement de la culture phoenicicole, particuli\u00e8rement dans la r\u00e9gion de Dr\u00e2a-Tafilalet, qui demeure la principale zone de production, avec une contribution de 76% au niveau national, suivie par les r\u00e9gions de Souss-Massa et de l\u2019Oriental \u00e0 hauteur de 11%chacune.&nbsp;<\/p>\n\n\n\n<p>Les temp\u00e9ratures hivernales cl\u00e9mentes enregistr\u00e9es dans ces zones ont permis aux palmiers dattiers de dissiper leur stress thermique. Par ailleurs, la p\u00e9riode chaude prolong\u00e9e, conjugu\u00e9e aux pr\u00e9cipitations survenues durant les mois de mars et avril (co\u00efncidant avec le stade de floraison) a favoris\u00e9 la nouaison et la maturation des fruits.<\/p>\n\n\n\n<p><strong><em>Une fili\u00e8re strat\u00e9gique pour les zones oasiennes<\/em><\/strong><\/p>\n\n\n\n<p>Le palmier dattier constitue un pilier \u00e9conomique, social et environnemental pour le Maroc. La fili\u00e8re g\u00e9n\u00e8re un chiffre d\u2019affaires annuel pouvant atteindre 2 milliards de DH et pr\u00e8s de 3,6 millions de journ\u00e9es de travail. Elle assure directement ou indirectement les moyens de subsistance de pr\u00e8s de 2 millions de Marocains et contribue \u00e0 la lutte contre l\u2019exode rural, tout en pr\u00e9servant un savoir-faire ancestral et un patrimoine culturel reconnu \u00e0 l\u2019\u00e9chelle internationale.<\/p>\n\n\n\n<p>Sur le plan environnemental, le palmier dattier cr\u00e9e un microclimat propice au syst\u00e8me agricole oasien, tout en jouant un r\u00f4le cl\u00e9 dans la lutte contre la d\u00e9sertification.<\/p>\n\n\n\n<p>Gr\u00e2ce aux efforts d\u00e9ploy\u00e9s dans le cadre du Plan Maroc Vert puis de la strat\u00e9gie \u00abG\u00e9n\u00e9ration Green 2020-2030\u00bb, la superficie d\u00e9di\u00e9e au palmier dattier est pass\u00e9e de 50.900 hectares en 2008 \u00e0 plus de 69.490 hectares en 2025, soit une progression de plus de 36%.<\/p>\n\n\n\n<p>Sur la m\u00eame p\u00e9riode, la production a enregistr\u00e9 une hausse de pr\u00e8s de 77%, passant de 90.400 tonnes en \u00e0 160.000 tonnes en 2025, confirmant le dynamisme et la r\u00e9silience de la fili\u00e8re malgr\u00e9 les contraintes climatiques et hydriques des derni\u00e8res ann\u00e9es.<\/p>\n\n\n\n<p>Le Minist\u00e8re r\u00e9affirme son engagement \u00e0 consolider les acquis r\u00e9alis\u00e9s par la fili\u00e8re phoenicicole et \u00e0 poursuivre les efforts en faveur de son d\u00e9veloppement durable. \u00c0 travers la mise en \u0153uvre des objectifs ambitieux inscrits dans la strat\u00e9gie \u00abG\u00e9n\u00e9ration Green 2020-2030\u00bb, le Maroc entend renforcer la r\u00e9silience et la comp\u00e9titivit\u00e9 de la fili\u00e8re, pr\u00e9server le patrimoine oasien et assurer sa transmission aux g\u00e9n\u00e9rations futures.&nbsp;<\/p>\n","protected":false},"excerpt":{"rendered":"<p>\u00c0 l\u2019occasion de la 147\u00e8me \u00e9dition du Salon International des Dattes au Maroc (SIDATTES), qui se tient actuellement \u00e0 Erfoud, le Minist\u00e8re de l\u2019Agriculture, de la P\u00eache Maritime, du D\u00e9veloppement Rural et des Eaux et For\u00eats annonce une production pr\u00e9visionnelle des dattes estim\u00e9e \u00e0 plus de 160.000 tonnes pour la campagne 2025-2026, soit une hausse &hellip;<\/p>\n","protected":false},"author":9,"featured_media":39424,"comment_status":"open","ping_status":"closed","sticky":false,"template":"","format":"standard","meta":{"footnotes":""},"categories":[30],"tags":[],"class_list":["post-39452","post","type-post","status-publish","format-standard","has-post-thumbnail","hentry","category-agriculture"],"_links":{"self":[{"href":"https:\/\/letempsmag.ma\/index.php?rest_route=\/wp\/v2\/posts\/39452","targetHints":{"allow":["GET"]}}],"collection":[{"href":"https:\/\/letempsmag.ma\/index.php?rest_route=\/wp\/v2\/posts"}],"about":[{"href":"https:\/\/letempsmag.ma\/index.php?rest_route=\/wp\/v2\/types\/post"}],"author":[{"embeddable":true,"href":"https:\/\/letempsmag.ma\/index.php?rest_route=\/wp\/v2\/users\/9"}],"replies":[{"embeddable":true,"href":"https:\/\/letempsmag.ma\/index.php?rest_route=%2Fwp%2Fv2%2Fcomments&post=39452"}],"version-history":[{"count":1,"href":"https:\/\/letempsmag.ma\/index.php?rest_route=\/wp\/v2\/posts\/39452\/revisions"}],"predecessor-version":[{"id":39453,"href":"https:\/\/letempsmag.ma\/index.php?rest_route=\/wp\/v2\/posts\/39452\/revisions\/39453"}],"wp:featuredmedia":[{"embeddable":true,"href":"https:\/\/letempsmag.ma\/index.php?rest_route=\/wp\/v2\/media\/39424"}],"wp:attachment":[{"href":"https:\/\/letempsmag.ma\/index.php?rest_route=%2Fwp%2Fv2%2Fmedia&parent=39452"}],"wp:term":[{"taxonomy":"category","embeddable":true,"href":"https:\/\/letempsmag.ma\/index.php?rest_route=%2Fwp%2Fv2%2Fcategories&post=39452"},{"taxonomy":"post_tag","embeddable":true,"href":"https:\/\/letempsmag.ma\/index.php?rest_route=%2Fwp%2Fv2%2Ftags&post=39452"}],"curies":[{"name":"wp","href":"https:\/\/api.w.org\/{rel}","templated":true}]}}