{"id":39446,"date":"2025-10-30T11:35:38","date_gmt":"2025-10-30T10:35:38","guid":{"rendered":"https:\/\/letempsmag.ma\/?p=39446"},"modified":"2025-10-30T11:35:39","modified_gmt":"2025-10-30T10:35:39","slug":"mim-2025-le-maroc-confirme-son-statut-de-smart-hub-mondial-du-textile","status":"publish","type":"post","link":"https:\/\/letempsmag.ma\/?p=39446","title":{"rendered":"MIM 2025\u00a0: le Maroc confirme son statut de Smart Hub mondial du textile"},"content":{"rendered":"\n<p>Plac\u00e9e sous le haut patronage de S.M. le Roi Mohammed VI, la 22<sup>\u00e8me<\/sup> \u00e9dition du Salon Maroc In Mode (MIM) se tiendra du 5 au 7 novembre prochain \u00e0 Casablanca, sous le th\u00e8me \u00abMorocco, the Smart Hub for Global Textile\u00bb.<\/p>\n\n\n\n<p>Organis\u00e9 par l\u2019AMITH (Association Marocaine des Industries du Textile et de l\u2019Habillement) en collaboration avec CEMS (organisateur international de Salons et de congr\u00e8s), le MIM 2025 propose un programme d\u2019expertise d\u2019envergure, anim\u00e9 durant les deux premiers jours par des organisations internationales de premier plan. Ces conf\u00e9rences de haut niveau aborderont les enjeux majeurs de l\u2019industrie&nbsp;: innovation, durabilit\u00e9, comp\u00e9titivit\u00e9, tra\u00e7abilit\u00e9 et transformation des cha\u00eenes de valeur mondiales.<\/p>\n\n\n\n<p>Rendez-vous incontournable du textile et de l\u2019habillement en Afrique, MIM 2025 r\u00e9unira plus de 200 exposants, marocains et \u00e9trangers, qui mettront en avant leurs innovations, collections et technologies de pointe. De grands donneurs d\u2019ordres et acheteurs internationaux seront pr\u00e9sents pour d\u00e9couvrir le potentiel du Maroc et explorer de nouvelles opportunit\u00e9s de partenariat.<\/p>\n\n\n\n<p>Le Salon accueillera \u00e9galement des d\u00e9l\u00e9gations de haut niveau repr\u00e9sentant des organisations telles que EURATEX, UKFT, IAF, ITMF, NCTO, IFC, ITC et CTTH ainsi que plusieurs f\u00e9d\u00e9rations africaines. Avec la participation de plus de 22 pays, Casablanca affirme son r\u00f4le de carrefour strat\u00e9gique reliant l\u2019Europe, l\u2019Afrique et l\u2019Asie.<\/p>\n\n\n\n<p>MIM 2025 offrira une vision compl\u00e8te de la cha\u00eene de valeur textile et habillement \u00e0 travers six grands espaces&nbsp;: Fabrication &amp; Habillement, Marques &amp; Design Marocains, Tissus &amp; Mati\u00e8res Premi\u00e8res, Innovation &amp; Machinerie, Produits Chimiques &amp; Finitions, Accessoires &amp; Fournitures. Cette organisation illustre la diversit\u00e9 et la richesse de l\u2019\u00e9cosyst\u00e8me marocain, de la cr\u00e9ation \u00e0 la production, en passant par la technologie, le design et la durabilit\u00e9.<\/p>\n\n\n\n<p>Le Salon mettra en avant le Made in Morocco et les initiatives d\u2019\u00e9co-responsabilit\u00e9, notamment la recyclabilit\u00e9 de l\u2019eau industrielle, la valorisation des d\u00e9chets textiles et l\u2019adoption de fibres durables, affirmant l\u2019engagement du Maroc pour une industrie moderne, \u00e9thique et comp\u00e9titive.<\/p>\n\n\n\n<p>Plus qu\u2019un Salon, Maroc In Mode est une plateforme strat\u00e9gique de d\u00e9veloppement, de networking et de rayonnement pour l\u2019ensemble de la fili\u00e8re. Durant trois jours, Casablanca se transformera ainsi en hub mondial du textile, r\u00e9unissant industriels, acheteurs, cr\u00e9ateurs et institutionnels autour d\u2019un objectif commun&nbsp;: faire du Maroc le Smart Hub du textile mondial.<\/p>\n","protected":false},"excerpt":{"rendered":"<p>Plac\u00e9e sous le haut patronage de S.M. le Roi Mohammed VI, la 22\u00e8me \u00e9dition du Salon Maroc In Mode (MIM) se tiendra du 5 au 7 novembre prochain \u00e0 Casablanca, sous le th\u00e8me \u00abMorocco, the Smart Hub for Global Textile\u00bb. Organis\u00e9 par l\u2019AMITH (Association Marocaine des Industries du Textile et de l\u2019Habillement) en collaboration avec &hellip;<\/p>\n","protected":false},"author":9,"featured_media":39428,"comment_status":"open","ping_status":"closed","sticky":false,"template":"","format":"standard","meta":{"footnotes":""},"categories":[60],"tags":[],"class_list":["post-39446","post","type-post","status-publish","format-standard","has-post-thumbnail","hentry","category-salon"],"_links":{"self":[{"href":"https:\/\/letempsmag.ma\/index.php?rest_route=\/wp\/v2\/posts\/39446","targetHints":{"allow":["GET"]}}],"collection":[{"href":"https:\/\/letempsmag.ma\/index.php?rest_route=\/wp\/v2\/posts"}],"about":[{"href":"https:\/\/letempsmag.ma\/index.php?rest_route=\/wp\/v2\/types\/post"}],"author":[{"embeddable":true,"href":"https:\/\/letempsmag.ma\/index.php?rest_route=\/wp\/v2\/users\/9"}],"replies":[{"embeddable":true,"href":"https:\/\/letempsmag.ma\/index.php?rest_route=%2Fwp%2Fv2%2Fcomments&post=39446"}],"version-history":[{"count":1,"href":"https:\/\/letempsmag.ma\/index.php?rest_route=\/wp\/v2\/posts\/39446\/revisions"}],"predecessor-version":[{"id":39447,"href":"https:\/\/letempsmag.ma\/index.php?rest_route=\/wp\/v2\/posts\/39446\/revisions\/39447"}],"wp:featuredmedia":[{"embeddable":true,"href":"https:\/\/letempsmag.ma\/index.php?rest_route=\/wp\/v2\/media\/39428"}],"wp:attachment":[{"href":"https:\/\/letempsmag.ma\/index.php?rest_route=%2Fwp%2Fv2%2Fmedia&parent=39446"}],"wp:term":[{"taxonomy":"category","embeddable":true,"href":"https:\/\/letempsmag.ma\/index.php?rest_route=%2Fwp%2Fv2%2Fcategories&post=39446"},{"taxonomy":"post_tag","embeddable":true,"href":"https:\/\/letempsmag.ma\/index.php?rest_route=%2Fwp%2Fv2%2Ftags&post=39446"}],"curies":[{"name":"wp","href":"https:\/\/api.w.org\/{rel}","templated":true}]}}