{"id":39438,"date":"2025-10-30T11:28:49","date_gmt":"2025-10-30T10:28:49","guid":{"rendered":"https:\/\/letempsmag.ma\/?p=39438"},"modified":"2025-10-31T12:00:21","modified_gmt":"2025-10-31T11:00:21","slug":"le-royal-palm-marrakech-inaugure-le-jardin-ocre-un-bel-ecrin-dinspiration","status":"publish","type":"post","link":"https:\/\/letempsmag.ma\/?p=39438","title":{"rendered":"Le Royal Palm Marrakech inaugure le \u00abJardin Ocre\u00bb, un bel \u00e9crin d\u2019inspiration"},"content":{"rendered":"\n<p>Sous le ciel \u00e9toil\u00e9 de la cit\u00e9 ocre, le Royal Palm Marrakech a c\u00e9l\u00e9br\u00e9, le 23 octobre dernier, la r\u00e9v\u00e9lation du \u00abJardin Ocre\u00bb lors d\u2019une soir\u00e9e empreinte d\u2019\u00e9l\u00e9gance et de raffinement. Un moment privil\u00e9gi\u00e9 qui a r\u00e9uni les invit\u00e9s du Royal Palm Marrakech autour d\u2019une m\u00eame passion&nbsp;: la beaut\u00e9, la nature et l\u2019art de vivre.<\/p>\n\n\n\n<p><strong><em>Un sanctuaire vert au c\u0153ur du Royal Palm Marrakech<\/em><\/strong><\/p>\n\n\n\n<p>Imagin\u00e9 comme une ode \u00e0 la nature marocaine, le \u00abJardin Ocre\u00bb s\u2019\u00e9tend sur cinq hectares de verdure, r\u00e9unissant plus de 38.000 plantes et 250 esp\u00e8ces v\u00e9g\u00e9tales. Il abrite \u00e9galement un potager biologique de 6.000 m2, une roseraie de 2.300 rosiers et un espace p\u00e9dagogique, cr\u00e9ant ainsi un v\u00e9ritable havre de biodiversit\u00e9 et de s\u00e9r\u00e9nit\u00e9. Entre technologie immersive et loisirs en plein air, mur d\u2019escalade, balades \u00e0 poney, aires de jeux et fontaine interactive. Une exp\u00e9rience in\u00e9dite o\u00f9 nature et innovation se rencontrent pour \u00e9veiller tous les sens.<\/p>\n\n\n\n<p><strong><em>Une exp\u00e9rience entre nature et culture<\/em><\/strong><\/p>\n\n\n\n<p>Plus qu\u2019un jardin, le \u00abJardin Ocre\u00bb est une exp\u00e9rience sensorielle o\u00f9 se m\u00ealent promenade botanique et d\u00e9couverte du savoir-faire artisanal. Le restaurant Marrakech Fine Food du site sert une cuisine conviviale, dans un cadre soign\u00e9. \u00c0 travers ce nouveau projet, le Royal Palm Marrakech confirme son engagement pour un tourisme responsable, culturel et inspirant, fid\u00e8le \u00e0 sa signature.<\/p>\n\n\n\n<p><strong><em>Informations pratiques<\/em><\/strong><\/p>\n\n\n\n<p>&#8211; Horaires d\u2019ouverture&nbsp;: du mardi \u00e0 dimanche, de 9h \u00e0 18h.<\/p>\n\n\n\n<p>&#8211; Tarifs pour les visiteurs marocains&nbsp;: 80 DH adultes, 40 DH enfants (2 \u00e0 16 ans).<\/p>\n\n\n\n<p>&#8211; Tarifs pour les visiteurs \u00e9trangers&nbsp;: 140 DH adultes, 70 DH enfants (2 \u00e0 16 ans).<\/p>\n\n\n\n<p>&#8211; Gratuit\u00e9 pour tous les enfants de moins de 2 ans.<\/p>\n\n\n\n<p><strong><em>\u00c0 propos du Royal Palm Marrakech<\/em><\/strong><\/p>\n\n\n\n<p>V\u00e9ritable oasis au sein de Marrakech, le Royal Palm Marrakech est un projet embl\u00e9matique qui conjugue immobilier de luxe, h\u00f4tellerie et loisirs. Avec l&#8217;ouverture du \u00abJardin Ocre\u00bb, le domaine enrichit son offre d&#8217;exp\u00e9riences immersives, renfor\u00e7ant son ancrage local et son rayonnement international<\/p>\n\n\n\n<p>Sur la photo, de droite \u00e0 gauche\u00a0: Yanish Panchoo, Directeur des Op\u00e9rations du DPM; Amine Charar Responsable \u00abJardin Ocre\u00bb; Dalal Ahamrouni, Directrice Marketing et Commerciale du DPM; Hicham Ahmany, Responsable Juridique du DPM; et Patrice Legris, Directeur G\u00e9n\u00e9ral du DPM.<\/p>\n","protected":false},"excerpt":{"rendered":"<p>Sous le ciel \u00e9toil\u00e9 de la cit\u00e9 ocre, le Royal Palm Marrakech a c\u00e9l\u00e9br\u00e9, le 23 octobre dernier, la r\u00e9v\u00e9lation du \u00abJardin Ocre\u00bb lors d\u2019une soir\u00e9e empreinte d\u2019\u00e9l\u00e9gance et de raffinement. Un moment privil\u00e9gi\u00e9 qui a r\u00e9uni les invit\u00e9s du Royal Palm Marrakech autour d\u2019une m\u00eame passion&nbsp;: la beaut\u00e9, la nature et l\u2019art de vivre. &hellip;<\/p>\n","protected":false},"author":9,"featured_media":39430,"comment_status":"open","ping_status":"closed","sticky":false,"template":"","format":"standard","meta":{"footnotes":""},"categories":[1565],"tags":[],"class_list":["post-39438","post","type-post","status-publish","format-standard","has-post-thumbnail","hentry","category-nature"],"_links":{"self":[{"href":"https:\/\/letempsmag.ma\/index.php?rest_route=\/wp\/v2\/posts\/39438","targetHints":{"allow":["GET"]}}],"collection":[{"href":"https:\/\/letempsmag.ma\/index.php?rest_route=\/wp\/v2\/posts"}],"about":[{"href":"https:\/\/letempsmag.ma\/index.php?rest_route=\/wp\/v2\/types\/post"}],"author":[{"embeddable":true,"href":"https:\/\/letempsmag.ma\/index.php?rest_route=\/wp\/v2\/users\/9"}],"replies":[{"embeddable":true,"href":"https:\/\/letempsmag.ma\/index.php?rest_route=%2Fwp%2Fv2%2Fcomments&post=39438"}],"version-history":[{"count":2,"href":"https:\/\/letempsmag.ma\/index.php?rest_route=\/wp\/v2\/posts\/39438\/revisions"}],"predecessor-version":[{"id":39485,"href":"https:\/\/letempsmag.ma\/index.php?rest_route=\/wp\/v2\/posts\/39438\/revisions\/39485"}],"wp:featuredmedia":[{"embeddable":true,"href":"https:\/\/letempsmag.ma\/index.php?rest_route=\/wp\/v2\/media\/39430"}],"wp:attachment":[{"href":"https:\/\/letempsmag.ma\/index.php?rest_route=%2Fwp%2Fv2%2Fmedia&parent=39438"}],"wp:term":[{"taxonomy":"category","embeddable":true,"href":"https:\/\/letempsmag.ma\/index.php?rest_route=%2Fwp%2Fv2%2Fcategories&post=39438"},{"taxonomy":"post_tag","embeddable":true,"href":"https:\/\/letempsmag.ma\/index.php?rest_route=%2Fwp%2Fv2%2Ftags&post=39438"}],"curies":[{"name":"wp","href":"https:\/\/api.w.org\/{rel}","templated":true}]}}