{"id":39422,"date":"2025-10-29T08:14:26","date_gmt":"2025-10-29T07:14:26","guid":{"rendered":"https:\/\/letempsmag.ma\/?p=39422"},"modified":"2025-10-29T08:14:26","modified_gmt":"2025-10-29T07:14:26","slug":"les-internationaux-marocains-font-parler-la-poudre-sur-les-pelouses-europeennes","status":"publish","type":"post","link":"https:\/\/letempsmag.ma\/?p=39422","title":{"rendered":"Les internationaux marocains font parler la poudre sur les pelouses europ\u00e9ennes\u00a0!"},"content":{"rendered":"\n<p>Les internationaux marocains \u00e9voluant en Europe ont de nouveau brill\u00e9, le week-end dernier, lors des rencontres disput\u00e9es avec leurs clubs dans les diff\u00e9rents championnats europ\u00e9ens, \u00e0 travers des performances solides et des buts d\u00e9cisifs, confirmant ainsi leur pr\u00e9sence remarqu\u00e9e sur les pelouses du Vieux Continent.<\/p>\n\n\n\n<p>Dans le cadre de la 9<sup>\u00e8me<\/sup> journ\u00e9e du championnat de France (Ligue 1), Achraf Hakimi a ainsi conduit son \u00e9quipe, le Paris Saint-Germain, \u00e0 une victoire m\u00e9rit\u00e9e sur le terrain de Brest (3-0), en inscrivant un doubl\u00e9&nbsp;! Il confirme ainsi son statut de lat\u00e9ral droit num\u00e9ro 1 mondial, alliant les qualit\u00e9s du d\u00e9fenseur moderne \u00e0 un exceptionnel esprit de buteur.<\/p>\n\n\n\n<p>De son c\u00f4t\u00e9, l\u2019attaquant Youssef El Arabi a poursuivi sur sa lanc\u00e9e avec le FC Nantes, inscrivant un but d\u00e9cisif lors de la victoire contre le Paris FC (2-1), apr\u00e8s avoir marqu\u00e9 le but de l&#8217;\u00e9galisation face \u00e0 Rennes pour le compte de la 5<sup>\u00e8me<\/sup> journ\u00e9e.<\/p>\n\n\n\n<p>Lors de la rencontre entre Nice et Rennes, Sofiane Diop a ouvert le score pour les Ni\u00e7ois qui se sont impos\u00e9s sur le score de 2 buts \u00e0 1, tandis que son compatriote, le jeune d\u00e9fenseur Abdelhamid Ait Boudlal, form\u00e9 \u00e0 l\u2019Acad\u00e9mie Mohammed VI de football, a r\u00e9duit l\u2019\u00e9cart pour Rennes apr\u00e8s son entr\u00e9e en jeu.<\/p>\n\n\n\n<p>De son c\u00f4t\u00e9, l\u2019international Hamza Igamane a lanc\u00e9 le festival offensif de Lille face \u00e0 Metz (6-1) en ouvrant le score, illustrant encore la forte empreinte des joueurs marocains en Ligue 1.<\/p>\n\n\n\n<p>En Premier League anglaise, l\u2019attaquant Chemsdine Talbi s\u2019est distingu\u00e9 en inscrivant le but victorieux de Sunderland face \u00e0 Chelsea \u00e0 la 93<sup>\u00e8me<\/sup> minute, offrant trois pr\u00e9cieux points \u00e0 son \u00e9quipe.<\/p>\n\n\n\n<p>En Liga espagnole, le milieu de terrain Azzedine Ounahi, de retour d\u2019une blessure, a contribu\u00e9 au nul arrach\u00e9 par G\u00e9rone (3-3) contre Oviedo, en inscrivant le deuxi\u00e8me but de son \u00e9quipe.<\/p>\n\n\n\n<p>Dans le championnat n\u00e9erlandais Eredivisie, Ismael Saibari a sign\u00e9 une performance remarquable en marquant un tripl\u00e9 lors de la victoire du PSV Eindhoven contre Feyenoord (3-2), tandis qu\u2019Oussama Targhalline a inscrit le deuxi\u00e8me but du club adverse.<\/p>\n\n\n\n<p>En Gr\u00e8ce, Ayoub El Kaabi a port\u00e9 son total \u00e0 6 r\u00e9alisations cette saison, apr\u00e8s son but sur penalty lors de la victoire d\u2019Olympiakos contre l\u2019AEK Ath\u00e8nes (2-0), dans le cadre de la 8<sup>\u00e8me<\/sup> journ\u00e9e.<\/p>\n\n\n\n<p>En Turquie, Youssef En-Nesyri a \u00e9galement brill\u00e9 en inscrivant un doubl\u00e9 lors du large succ\u00e8s de son \u00e9quipe face \u00e0 Gaziantep (4-0), pour le compte de la 10<sup>\u00e8me<\/sup> journ\u00e9e du championnat turc.<\/p>\n\n\n\n<p>Enfin, au Portugal, Yanis Begraoui offert un point pr\u00e9cieux \u00e0 son club Estoril en \u00e9galisant sur penalty face au Nacional Madeira (1-1), lors de la 9<sup>\u00e8me<\/sup> journ\u00e9e.<\/p>\n\n\n\n<p>\u00c0 travers ces performances tr\u00e8s remarquables, les footballeurs marocains confirment leur ancrage et leur rayonnement dans les grands championnats europ\u00e9ens, illustrant la dynamique continue du football marocain et sa place de plus en plus affirm\u00e9e sur la sc\u00e8ne internationale.<\/p>\n","protected":false},"excerpt":{"rendered":"<p>Les internationaux marocains \u00e9voluant en Europe ont de nouveau brill\u00e9, le week-end dernier, lors des rencontres disput\u00e9es avec leurs clubs dans les diff\u00e9rents championnats europ\u00e9ens, \u00e0 travers des performances solides et des buts d\u00e9cisifs, confirmant ainsi leur pr\u00e9sence remarqu\u00e9e sur les pelouses du Vieux Continent. Dans le cadre de la 9\u00e8me journ\u00e9e du championnat de &hellip;<\/p>\n","protected":false},"author":9,"featured_media":39395,"comment_status":"open","ping_status":"closed","sticky":false,"template":"","format":"standard","meta":{"footnotes":""},"categories":[50],"tags":[],"class_list":["post-39422","post","type-post","status-publish","format-standard","has-post-thumbnail","hentry","category-football"],"_links":{"self":[{"href":"https:\/\/letempsmag.ma\/index.php?rest_route=\/wp\/v2\/posts\/39422","targetHints":{"allow":["GET"]}}],"collection":[{"href":"https:\/\/letempsmag.ma\/index.php?rest_route=\/wp\/v2\/posts"}],"about":[{"href":"https:\/\/letempsmag.ma\/index.php?rest_route=\/wp\/v2\/types\/post"}],"author":[{"embeddable":true,"href":"https:\/\/letempsmag.ma\/index.php?rest_route=\/wp\/v2\/users\/9"}],"replies":[{"embeddable":true,"href":"https:\/\/letempsmag.ma\/index.php?rest_route=%2Fwp%2Fv2%2Fcomments&post=39422"}],"version-history":[{"count":1,"href":"https:\/\/letempsmag.ma\/index.php?rest_route=\/wp\/v2\/posts\/39422\/revisions"}],"predecessor-version":[{"id":39423,"href":"https:\/\/letempsmag.ma\/index.php?rest_route=\/wp\/v2\/posts\/39422\/revisions\/39423"}],"wp:featuredmedia":[{"embeddable":true,"href":"https:\/\/letempsmag.ma\/index.php?rest_route=\/wp\/v2\/media\/39395"}],"wp:attachment":[{"href":"https:\/\/letempsmag.ma\/index.php?rest_route=%2Fwp%2Fv2%2Fmedia&parent=39422"}],"wp:term":[{"taxonomy":"category","embeddable":true,"href":"https:\/\/letempsmag.ma\/index.php?rest_route=%2Fwp%2Fv2%2Fcategories&post=39422"},{"taxonomy":"post_tag","embeddable":true,"href":"https:\/\/letempsmag.ma\/index.php?rest_route=%2Fwp%2Fv2%2Ftags&post=39422"}],"curies":[{"name":"wp","href":"https:\/\/api.w.org\/{rel}","templated":true}]}}