{"id":39420,"date":"2025-10-29T08:13:23","date_gmt":"2025-10-29T07:13:23","guid":{"rendered":"https:\/\/letempsmag.ma\/?p=39420"},"modified":"2025-10-29T08:13:23","modified_gmt":"2025-10-29T07:13:23","slug":"les-imams-appellent-les-jeunes-a-simpliquer-dans-les-affaires-publiques","status":"publish","type":"post","link":"https:\/\/letempsmag.ma\/?p=39420","title":{"rendered":"Les Imams appellent les jeunes \u00e0 s\u2019impliquer dans les affaires publiques"},"content":{"rendered":"\n<p>Vendredi dernier, dans les mosqu\u00e9es du Royaume, les Imams ont exhort\u00e9 les parents \u00e0 encourager leurs enfants \u00e0 s\u2019impliquer dans les affaires publiques. Ce discours intervient quelques semaines apr\u00e8s les manifestations du mouvement \u00abGen Z 212\u00bb dont la branche pacifiste a r\u00e9clam\u00e9 une am\u00e9lioration des services de sant\u00e9 et de l\u2019\u00e9ducation ainsi que la lutte contre la corruption.<\/p>\n\n\n\n<p>De nombreux observateurs estiment que ce pr\u00eache \u00e9tait un message voil\u00e9 \u00e0 la \u00abGen Z\u00bb pour militer au sein des institutions et \u00e0 participer \u00e0 la vie civique. \u00c0 Rabat, un imam a d\u00e9clar\u00e9 que \u00abL\u2019une des choses les plus importantes dont nous devons nous soucier est d\u2019\u00e9lever les enfants pour qu\u2019ils participent \u00e0 la gestion des affaires publiques, qu\u2019ils s\u2019engagent au service de la nation, qu\u2019ils aiment la patrie et qu\u2019ils veillent \u00e0 sa s\u00e9curit\u00e9 et \u00e0 sa stabilit\u00e9\u00bb. Ce discours a \u00e9t\u00e9 repris dans les 53.000 mosqu\u00e9es du Royaume et diffus\u00e9 en direct sur les cha\u00eenes publiques de t\u00e9l\u00e9vision.<\/p>\n","protected":false},"excerpt":{"rendered":"<p>Vendredi dernier, dans les mosqu\u00e9es du Royaume, les Imams ont exhort\u00e9 les parents \u00e0 encourager leurs enfants \u00e0 s\u2019impliquer dans les affaires publiques. Ce discours intervient quelques semaines apr\u00e8s les manifestations du mouvement \u00abGen Z 212\u00bb dont la branche pacifiste a r\u00e9clam\u00e9 une am\u00e9lioration des services de sant\u00e9 et de l\u2019\u00e9ducation ainsi que la lutte &hellip;<\/p>\n","protected":false},"author":9,"featured_media":39402,"comment_status":"open","ping_status":"closed","sticky":false,"template":"","format":"standard","meta":{"footnotes":""},"categories":[214],"tags":[],"class_list":["post-39420","post","type-post","status-publish","format-standard","has-post-thumbnail","hentry","category-mosquees"],"_links":{"self":[{"href":"https:\/\/letempsmag.ma\/index.php?rest_route=\/wp\/v2\/posts\/39420","targetHints":{"allow":["GET"]}}],"collection":[{"href":"https:\/\/letempsmag.ma\/index.php?rest_route=\/wp\/v2\/posts"}],"about":[{"href":"https:\/\/letempsmag.ma\/index.php?rest_route=\/wp\/v2\/types\/post"}],"author":[{"embeddable":true,"href":"https:\/\/letempsmag.ma\/index.php?rest_route=\/wp\/v2\/users\/9"}],"replies":[{"embeddable":true,"href":"https:\/\/letempsmag.ma\/index.php?rest_route=%2Fwp%2Fv2%2Fcomments&post=39420"}],"version-history":[{"count":1,"href":"https:\/\/letempsmag.ma\/index.php?rest_route=\/wp\/v2\/posts\/39420\/revisions"}],"predecessor-version":[{"id":39421,"href":"https:\/\/letempsmag.ma\/index.php?rest_route=\/wp\/v2\/posts\/39420\/revisions\/39421"}],"wp:featuredmedia":[{"embeddable":true,"href":"https:\/\/letempsmag.ma\/index.php?rest_route=\/wp\/v2\/media\/39402"}],"wp:attachment":[{"href":"https:\/\/letempsmag.ma\/index.php?rest_route=%2Fwp%2Fv2%2Fmedia&parent=39420"}],"wp:term":[{"taxonomy":"category","embeddable":true,"href":"https:\/\/letempsmag.ma\/index.php?rest_route=%2Fwp%2Fv2%2Fcategories&post=39420"},{"taxonomy":"post_tag","embeddable":true,"href":"https:\/\/letempsmag.ma\/index.php?rest_route=%2Fwp%2Fv2%2Ftags&post=39420"}],"curies":[{"name":"wp","href":"https:\/\/api.w.org\/{rel}","templated":true}]}}