{"id":39406,"date":"2025-10-29T08:06:28","date_gmt":"2025-10-29T07:06:28","guid":{"rendered":"https:\/\/letempsmag.ma\/?p=39406"},"modified":"2025-10-29T08:06:29","modified_gmt":"2025-10-29T07:06:29","slug":"kamilya-zarkani-celebre-le-patrimoine-national-a-travers-kasr-al-bahr","status":"publish","type":"post","link":"https:\/\/letempsmag.ma\/?p=39406","title":{"rendered":"Kamilya Zarkani c\u00e9l\u00e8bre le patrimoine national \u00e0 travers \u00abKasr Al Bahr\u00bb"},"content":{"rendered":"\n<p>L\u2019artiste plasticienne marocaine Kamilya Zarkani signe une nouvelle exposition d\u2019une grande sensibilit\u00e9, intitul\u00e9e \u00abKasr Al Bahr&nbsp;: histoire et patrimoine\u00bb, pr\u00e9sent\u00e9e depuis le 20 octobre dernier jusqu\u2019au 20 d\u00e9cembre prochain au sein du b\u00e2timent historique Kasr Al Bahr, int\u00e9gr\u00e9 \u00e0 l\u2019h\u00f4tel Four Seasons de Rabat.<\/p>\n\n\n\n<p>\u00c0 travers 41 \u0153uvres r\u00e9alis\u00e9es en techniques mixtes (huile, aquarelle, acrylique, bois et \u00e9l\u00e9ments naturels), l\u2019artiste explore la richesse du patrimoine national et la puissance symbolique des lettres arabes. Ses toiles, o\u00f9 se m\u00ealent broderie, incrustations de pierres semi-pr\u00e9cieuses et collages, traduisent une identit\u00e9 marocaine authentique et un attachement profond \u00e0 ses racines. Originaire d\u2019Ouezzane, Kamilya Zarkani revendique cet h\u00e9ritage comme socle de cr\u00e9ation&nbsp;: \u00abChaque toile est un message aux jeunes g\u00e9n\u00e9rations&nbsp;: notre patrimoine est notre v\u00e9ritable richesse\u00bb, confie-t-elle.<\/p>\n\n\n\n<p>Dans cette exposition, les symboles de l\u2019\u0153il et de la main protectrice (Khmissa) occupent une place centrale, renvoyant aux croyances populaires et \u00e0 la spiritualit\u00e9 ancr\u00e9e dans la culture marocaine. Les tons noir et or dominent, exprimant puissance et singularit\u00e9 dans ce qu\u2019elle nomme le \u00abr\u00e9alisme de la lettre arabe\u00bb.<\/p>\n\n\n\n<p>Fid\u00e8le \u00e0 sa vision, l\u2019artiste rappelle que \u00abL\u2019enracinement dans le local demeure le plus court chemin vers l\u2019universalit\u00e9\u00bb. \u00c0 travers cette exposition, Kamilya Zarkani rappelle que l\u2019art est un patrimoine vivant, capable de raconter l\u2019histoire d\u2019un pays tout en \u00e9clairant les chemins de son avenir.<\/p>\n\n\n\n<p><strong>L. F.<\/strong><\/p>\n","protected":false},"excerpt":{"rendered":"<p>L\u2019artiste plasticienne marocaine Kamilya Zarkani signe une nouvelle exposition d\u2019une grande sensibilit\u00e9, intitul\u00e9e \u00abKasr Al Bahr&nbsp;: histoire et patrimoine\u00bb, pr\u00e9sent\u00e9e depuis le 20 octobre dernier jusqu\u2019au 20 d\u00e9cembre prochain au sein du b\u00e2timent historique Kasr Al Bahr, int\u00e9gr\u00e9 \u00e0 l\u2019h\u00f4tel Four Seasons de Rabat. \u00c0 travers 41 \u0153uvres r\u00e9alis\u00e9es en techniques mixtes (huile, aquarelle, acrylique, &hellip;<\/p>\n","protected":false},"author":9,"featured_media":39400,"comment_status":"open","ping_status":"closed","sticky":false,"template":"","format":"standard","meta":{"footnotes":""},"categories":[149],"tags":[],"class_list":["post-39406","post","type-post","status-publish","format-standard","has-post-thumbnail","hentry","category-art"],"_links":{"self":[{"href":"https:\/\/letempsmag.ma\/index.php?rest_route=\/wp\/v2\/posts\/39406","targetHints":{"allow":["GET"]}}],"collection":[{"href":"https:\/\/letempsmag.ma\/index.php?rest_route=\/wp\/v2\/posts"}],"about":[{"href":"https:\/\/letempsmag.ma\/index.php?rest_route=\/wp\/v2\/types\/post"}],"author":[{"embeddable":true,"href":"https:\/\/letempsmag.ma\/index.php?rest_route=\/wp\/v2\/users\/9"}],"replies":[{"embeddable":true,"href":"https:\/\/letempsmag.ma\/index.php?rest_route=%2Fwp%2Fv2%2Fcomments&post=39406"}],"version-history":[{"count":1,"href":"https:\/\/letempsmag.ma\/index.php?rest_route=\/wp\/v2\/posts\/39406\/revisions"}],"predecessor-version":[{"id":39407,"href":"https:\/\/letempsmag.ma\/index.php?rest_route=\/wp\/v2\/posts\/39406\/revisions\/39407"}],"wp:featuredmedia":[{"embeddable":true,"href":"https:\/\/letempsmag.ma\/index.php?rest_route=\/wp\/v2\/media\/39400"}],"wp:attachment":[{"href":"https:\/\/letempsmag.ma\/index.php?rest_route=%2Fwp%2Fv2%2Fmedia&parent=39406"}],"wp:term":[{"taxonomy":"category","embeddable":true,"href":"https:\/\/letempsmag.ma\/index.php?rest_route=%2Fwp%2Fv2%2Fcategories&post=39406"},{"taxonomy":"post_tag","embeddable":true,"href":"https:\/\/letempsmag.ma\/index.php?rest_route=%2Fwp%2Fv2%2Ftags&post=39406"}],"curies":[{"name":"wp","href":"https:\/\/api.w.org\/{rel}","templated":true}]}}