{"id":39387,"date":"2025-10-28T11:02:57","date_gmt":"2025-10-28T10:02:57","guid":{"rendered":"https:\/\/letempsmag.ma\/?p=39387"},"modified":"2025-10-28T11:02:58","modified_gmt":"2025-10-28T10:02:58","slug":"lamdl-et-la-narsa-modernisent-le-controle-technique-des-marchandises","status":"publish","type":"post","link":"https:\/\/letempsmag.ma\/?p=39387","title":{"rendered":"L\u2019AMDL et la NARSA modernisent le contr\u00f4le technique des marchandises"},"content":{"rendered":"\n<p>L\u2019Agence Marocaine de D\u00e9veloppement de la Logistique (AMDL) et l\u2019Agence Nationale de la S\u00e9curit\u00e9 Routi\u00e8re (NARSA) ont sign\u00e9 derni\u00e8rement une convention de partenariat pour implanter des centres de contr\u00f4le technique au sein des plateformes logistiques d\u00e9velopp\u00e9es par l\u2019AMDL. Cette d\u00e9marche vise \u00e0 moderniser et \u00e0 optimiser le transport routier de marchandises et rentre dans le cadre de la Strat\u00e9gie nationale pour le d\u00e9veloppement de la comp\u00e9titivit\u00e9 logistique et de la Strat\u00e9gie nationale de s\u00e9curit\u00e9 routi\u00e8re 2017-2030, lanc\u00e9es par le minist\u00e8re du Transport et de la Logistique.<\/p>\n\n\n\n<p>Rappelons les ambitions de la strat\u00e9gie logistique&nbsp;:<\/p>\n\n\n\n<p>&#8211; R\u00e9duire le poids des co\u00fbts logistiques du Maroc par rapport au PIB pour passer de 20% \u00e0 15%.<\/p>\n\n\n\n<p>&#8211; Acc\u00e9l\u00e9rer la croissance du PIB en gagnant 5 points sur 10 ans par l\u2019augmentation de la valeur ajout\u00e9e induite par la baisse des co\u00fbts logistiques et l\u2019\u00e9mergence d\u2019un secteur logistique comp\u00e9titif.<\/p>\n\n\n\n<p>&#8211; Contribuer au d\u00e9veloppement durable du pays, \u00e0 travers la r\u00e9duction des \u00e9missions CO2 li\u00e9es au transport routier de marchandises de 35% et la d\u00e9congestion des routes et des villes.<\/p>\n\n\n\n<p>Dans un communiqu\u00e9, les deux partenaires soulignent qu\u2019\u00ab\u00c0 travers ce partenariat, AMDL et NARSA affichent leur volont\u00e9 d\u2019instaurer une synergie entre logistique, transport routier et s\u00e9curit\u00e9 routi\u00e8re, un maillon essentiel pour l\u2019\u00e9cosyst\u00e8me \u00e9conomique national et pour les professionnels du secteur\u00bb.<\/p>\n","protected":false},"excerpt":{"rendered":"<p>L\u2019Agence Marocaine de D\u00e9veloppement de la Logistique (AMDL) et l\u2019Agence Nationale de la S\u00e9curit\u00e9 Routi\u00e8re (NARSA) ont sign\u00e9 derni\u00e8rement une convention de partenariat pour implanter des centres de contr\u00f4le technique au sein des plateformes logistiques d\u00e9velopp\u00e9es par l\u2019AMDL. Cette d\u00e9marche vise \u00e0 moderniser et \u00e0 optimiser le transport routier de marchandises et rentre dans le &hellip;<\/p>\n","protected":false},"author":9,"featured_media":39372,"comment_status":"open","ping_status":"closed","sticky":false,"template":"","format":"standard","meta":{"footnotes":""},"categories":[152],"tags":[],"class_list":["post-39387","post","type-post","status-publish","format-standard","has-post-thumbnail","hentry","category-logistique"],"_links":{"self":[{"href":"https:\/\/letempsmag.ma\/index.php?rest_route=\/wp\/v2\/posts\/39387","targetHints":{"allow":["GET"]}}],"collection":[{"href":"https:\/\/letempsmag.ma\/index.php?rest_route=\/wp\/v2\/posts"}],"about":[{"href":"https:\/\/letempsmag.ma\/index.php?rest_route=\/wp\/v2\/types\/post"}],"author":[{"embeddable":true,"href":"https:\/\/letempsmag.ma\/index.php?rest_route=\/wp\/v2\/users\/9"}],"replies":[{"embeddable":true,"href":"https:\/\/letempsmag.ma\/index.php?rest_route=%2Fwp%2Fv2%2Fcomments&post=39387"}],"version-history":[{"count":1,"href":"https:\/\/letempsmag.ma\/index.php?rest_route=\/wp\/v2\/posts\/39387\/revisions"}],"predecessor-version":[{"id":39388,"href":"https:\/\/letempsmag.ma\/index.php?rest_route=\/wp\/v2\/posts\/39387\/revisions\/39388"}],"wp:featuredmedia":[{"embeddable":true,"href":"https:\/\/letempsmag.ma\/index.php?rest_route=\/wp\/v2\/media\/39372"}],"wp:attachment":[{"href":"https:\/\/letempsmag.ma\/index.php?rest_route=%2Fwp%2Fv2%2Fmedia&parent=39387"}],"wp:term":[{"taxonomy":"category","embeddable":true,"href":"https:\/\/letempsmag.ma\/index.php?rest_route=%2Fwp%2Fv2%2Fcategories&post=39387"},{"taxonomy":"post_tag","embeddable":true,"href":"https:\/\/letempsmag.ma\/index.php?rest_route=%2Fwp%2Fv2%2Ftags&post=39387"}],"curies":[{"name":"wp","href":"https:\/\/api.w.org\/{rel}","templated":true}]}}