{"id":39385,"date":"2025-10-28T11:02:02","date_gmt":"2025-10-28T10:02:02","guid":{"rendered":"https:\/\/letempsmag.ma\/?p=39385"},"modified":"2025-10-28T11:02:02","modified_gmt":"2025-10-28T10:02:02","slug":"lordre-des-experts-comptables-du-maroc-prepare-un-imposant-congres","status":"publish","type":"post","link":"https:\/\/letempsmag.ma\/?p=39385","title":{"rendered":"L\u2019Ordre des Experts-Comptables du Maroc pr\u00e9pare un imposant congr\u00e8s"},"content":{"rendered":"\n<p>L\u2019Ordre des Experts-Comptables du Maroc (OEC) annonce la tenue de son 10<sup>\u00e8me<\/sup> congr\u00e8s national les 13 et 14 novembre 2025 \u00e0 l\u2019H\u00f4tel Four Seasons de Rabat, sous le haut patronage de S.M. le Roi Mohammed VI. Plac\u00e9 sous le th\u00e8me \u00abDurabilit\u00e9, IA, talents&nbsp;: la strat\u00e9gie gagnante\u00bb, cet \u00e9v\u00e9nement r\u00e9unira plus de 500 participants pour d\u00e9battre des mutations profondes qui transforment l\u2019\u00e9conomie et la soci\u00e9t\u00e9 marocaines.<\/p>\n\n\n\n<p>Fort de 32 ann\u00e9es d\u2019existence, l\u2019OEC r\u00e9affirme \u00e0 travers ce congr\u00e8s son r\u00f4le de tiers de confiance et d\u2019interlocuteur cl\u00e9 des pouvoirs publics sur les grandes r\u00e9formes \u00e9conomiques. \u00abL\u2019expert-comptable de demain devra conjuguer expertise technique, intelligence num\u00e9rique et conscience durable pour continuer \u00e0 \u00eatre un acteur cl\u00e9 de la performance et de la transparence\u00bb, souligne Fa\u00ef\u00e7al Mekouar, Pr\u00e9sident de l\u2019Ordre.<\/p>\n\n\n\n<p>Au programme, pl\u00e9ni\u00e8res, keynotes et ateliers interactifs anim\u00e9s par pr\u00e8s de 50 intervenants parmi les quels la Ministre de l\u2019\u00c9conomie et des Finances, Nadia Fettah Alaoui, le Ministre de l\u2019Industrie et du Commerce, Ryad Mezzour, la Ministre D\u00e9l\u00e9gu\u00e9e charg\u00e9e de la Transition num\u00e9rique, Amal El Fallah Seghrouchni, le Pr\u00e9sident du Conseil \u00c9conomique et Social, Abdelkader Amara, le Haut Commissaire au Plan, Chakib Benmoussa, le Pr\u00e9sident Directeur G\u00e9n\u00e9ral de CIH Bank, Lotfi Sekkat, le Pr\u00e9sident du groupe Mutandis, Adil Douiri, Hicham Zouanat, membre du Conseil d\u2019administration de l\u2019Organisation Internationale du Travail, et Mohammed Cherkaoui, Vice-Pr\u00e9sident de Long Island University.<\/p>\n\n\n\n<p>Les d\u00e9bats porteront sur l\u2019automatisation des services financiers, la comptabilit\u00e9 carbone, la finance durable et la formation des talents du futur.<\/p>\n\n\n\n<p>Sous la coordination de Sophia Guessous (Comit\u00e9 scientifique) et Ahmed Chahbi (Comit\u00e9 d\u2019organisation), ce 10\u00e8me congr\u00e8s s\u2019annonce comme une \u00e9tape majeure pour positionner la profession comptable au c\u0153ur des transitions \u00e9conomique, num\u00e9rique et \u00e9cologique du Maroc.<\/p>\n\n\n\n<p><strong>L. F.<\/strong><\/p>\n","protected":false},"excerpt":{"rendered":"<p>L\u2019Ordre des Experts-Comptables du Maroc (OEC) annonce la tenue de son 10\u00e8me congr\u00e8s national les 13 et 14 novembre 2025 \u00e0 l\u2019H\u00f4tel Four Seasons de Rabat, sous le haut patronage de S.M. le Roi Mohammed VI. Plac\u00e9 sous le th\u00e8me \u00abDurabilit\u00e9, IA, talents&nbsp;: la strat\u00e9gie gagnante\u00bb, cet \u00e9v\u00e9nement r\u00e9unira plus de 500 participants pour d\u00e9battre &hellip;<\/p>\n","protected":false},"author":9,"featured_media":39365,"comment_status":"open","ping_status":"closed","sticky":false,"template":"","format":"standard","meta":{"footnotes":""},"categories":[492],"tags":[],"class_list":["post-39385","post","type-post","status-publish","format-standard","has-post-thumbnail","hentry","category-forum"],"_links":{"self":[{"href":"https:\/\/letempsmag.ma\/index.php?rest_route=\/wp\/v2\/posts\/39385","targetHints":{"allow":["GET"]}}],"collection":[{"href":"https:\/\/letempsmag.ma\/index.php?rest_route=\/wp\/v2\/posts"}],"about":[{"href":"https:\/\/letempsmag.ma\/index.php?rest_route=\/wp\/v2\/types\/post"}],"author":[{"embeddable":true,"href":"https:\/\/letempsmag.ma\/index.php?rest_route=\/wp\/v2\/users\/9"}],"replies":[{"embeddable":true,"href":"https:\/\/letempsmag.ma\/index.php?rest_route=%2Fwp%2Fv2%2Fcomments&post=39385"}],"version-history":[{"count":1,"href":"https:\/\/letempsmag.ma\/index.php?rest_route=\/wp\/v2\/posts\/39385\/revisions"}],"predecessor-version":[{"id":39386,"href":"https:\/\/letempsmag.ma\/index.php?rest_route=\/wp\/v2\/posts\/39385\/revisions\/39386"}],"wp:featuredmedia":[{"embeddable":true,"href":"https:\/\/letempsmag.ma\/index.php?rest_route=\/wp\/v2\/media\/39365"}],"wp:attachment":[{"href":"https:\/\/letempsmag.ma\/index.php?rest_route=%2Fwp%2Fv2%2Fmedia&parent=39385"}],"wp:term":[{"taxonomy":"category","embeddable":true,"href":"https:\/\/letempsmag.ma\/index.php?rest_route=%2Fwp%2Fv2%2Fcategories&post=39385"},{"taxonomy":"post_tag","embeddable":true,"href":"https:\/\/letempsmag.ma\/index.php?rest_route=%2Fwp%2Fv2%2Ftags&post=39385"}],"curies":[{"name":"wp","href":"https:\/\/api.w.org\/{rel}","templated":true}]}}