{"id":39379,"date":"2025-10-28T10:59:30","date_gmt":"2025-10-28T09:59:30","guid":{"rendered":"https:\/\/letempsmag.ma\/?p=39379"},"modified":"2025-10-28T10:59:31","modified_gmt":"2025-10-28T09:59:31","slug":"avec-rabat-envie-2025-naissance-dune-nouvelle-dynamique-touristique","status":"publish","type":"post","link":"https:\/\/letempsmag.ma\/?p=39379","title":{"rendered":"Avec \u00abRabat EnVie 2025\u00bb, naissance d\u2019une nouvelle dynamique touristique"},"content":{"rendered":"\n<p>Organis\u00e9 r\u00e9cemment par le Conseil R\u00e9gional du Tourisme (CRT) de Rabat-Sal\u00e9-K\u00e9nitra, en partenariat avec l\u2019Office National Marocain du Tourisme (ONMT) et avec le soutien des autorit\u00e9s locales, l\u2019\u00e9v\u00e9nement \u00abRabat EnVie 2025\u00bb a marqu\u00e9 une nouvelle \u00e9tape dans la strat\u00e9gie de valorisation de la destination.<\/p>\n\n\n\n<p>En r\u00e9unissant professionnels et grand public autour de trois temps forts&nbsp;: un famtrip international, un parcours culturel immersif \u00e0 Chellah et une chasse au tr\u00e9sor connect\u00e9e dans la for\u00eat de Ma\u00e2mora. Le CRT a ainsi d\u00e9montr\u00e9 sa capacit\u00e9 \u00e0 conjuguer innovation, attractivit\u00e9 et durabilit\u00e9 dans une dynamique f\u00e9d\u00e9ratrice.<\/p>\n\n\n\n<p><strong><em>Une vitrine internationale pour la r\u00e9gion<\/em><\/strong><\/p>\n\n\n\n<p>Du 20 au 23 octobre, 14 op\u00e9rateurs internationaux issus d\u2019Espagne, d\u2019Italie, de France et du Royaume-Uni ont pris part \u00e0 un voyage de familiarisation (famtrip) d\u00e9di\u00e9 \u00e0 la d\u00e9couverte de la r\u00e9gion.<\/p>\n\n\n\n<p>Le voyage de familiarisation a r\u00e9uni des acheteurs B2B de haut niveau, notamment des repr\u00e9sentants de r\u00e9seaux tels que Selectour et Manor, renfor\u00e7ant ainsi la port\u00e9e commerciale imm\u00e9diate de l\u2019op\u00e9ration.<\/p>\n\n\n\n<p>Le programme sur mesure a permis aux acheteurs B2B de tester les exp\u00e9riences touristiques locales (nature, culture, city break, MICE\u2026) et de rencontrer les op\u00e9rateurs r\u00e9gionaux.<\/p>\n\n\n\n<p>L\u2019immersion cibl\u00e9e a renforc\u00e9 les synergies commerciales et a positionn\u00e9 la r\u00e9gion Rabat-Sal\u00e9-K\u00e9nitra comme une destination d\u2019\u00e9quilibre entre authenticit\u00e9, modernit\u00e9 et durabilit\u00e9.<\/p>\n\n\n\n<p><strong><em>Chellah&nbsp;: un parcours culturel immersif<\/em><\/strong><\/p>\n\n\n\n<p>Du 23 au 25 octobre, le site embl\u00e9matique de Chellah a accueilli un parcours culturel sc\u00e9naris\u00e9 con\u00e7u comme une exploration vivante du patrimoine du site, en partenariat avec la Soci\u00e9t\u00e9 de d\u00e9veloppement r\u00e9gional Rabat&nbsp;: R\u00e9gion Patrimoine Historique.<\/p>\n\n\n\n<p>L\u2019\u00e9v\u00e9nement a \u00e9t\u00e9 articul\u00e9 autour de quatre univers&nbsp;: Racines Amazighes, Sala Colonia, Dynasties Marocaines et D\u00e9couvertes Modernes. Il a propos\u00e9 un v\u00e9ritable voyage \u00e0 travers le temps, int\u00e9grant storytelling, collecte de souvenirs par \u00e9poque et ateliers participatifs (poterie, tissage, calligraphie, plantes aromatiques).<\/p>\n\n\n\n<p>Avec une moyenne de 1.200 visiteurs par jour, l\u2019exp\u00e9rience a rencontr\u00e9 un large succ\u00e8s populaire, confirmant l\u2019app\u00e9tence du public pour des formats culturels accessibles, p\u00e9dagogiques et \u00e9motionnels.<\/p>\n\n\n\n<p><strong><em>Ma\u00e2mora Challenge&nbsp;: innovation en for\u00eat<\/em><\/strong><\/p>\n\n\n\n<p>Le 26 octobre, la for\u00eat de Sidi Amira a accueilli le Ma\u00e2mora Challenge, organis\u00e9 avec le soutien de la Direction R\u00e9gionale de l\u2019Agence Nationale des Eaux et For\u00eats et la D\u00e9l\u00e9gation du Tourisme de la r\u00e9gion Rabat-Sal\u00e9-K\u00e9nitra. Cette chasse au tr\u00e9sor connect\u00e9e, accessible \u00e0 tous sur inscription, a r\u00e9uni 200 participants dans une aventure phygitale combinant nature et technologie.<\/p>\n\n\n\n<p>Munis de leurs smartphones, les participants ont parcouru plus de 150 kilom\u00e8tres cumul\u00e9s \u00e0 la recherche de tr\u00e9sors cach\u00e9s, \u00e0 travers un syst\u00e8me d\u2019\u00e9nigmes, de g\u00e9olocalisation et de d\u00e9fis \u00e9cologiques.<\/p>\n\n\n\n<p>L\u2019\u00e9v\u00e9nement a \u00e9t\u00e9 cl\u00f4tur\u00e9 par une remise de prix aux \u00e9quipes gagnantes, c\u00e9l\u00e9brant \u00e0 la fois l\u2019esprit d\u2019\u00e9quipe, la d\u00e9couverte et la sensibilisation environnementale.<\/p>\n\n\n\n<p><strong><em>Une dynamique collective et durable<\/em><\/strong><\/p>\n\n\n\n<p>Avec \u00abRabat EnVie 2025\u00bb, le CRT Rabat-Sal\u00e9-K\u00e9nitra pose les bases d\u2019un mod\u00e8le d\u2019\u00e9v\u00e9nement int\u00e9gr\u00e9, participatif et durable, articul\u00e9 autour de la coop\u00e9ration entre institutions, op\u00e9rateurs priv\u00e9s et citoyens. Cette premi\u00e8re \u00e9dition illustre une nouvelle mani\u00e8re de faire vivre la destination, en connectant tourisme, culture et innovation au service de la visibilit\u00e9 r\u00e9gionale.<\/p>\n\n\n\n<p>Le CRT entend inscrire \u00abRabat EnVie\u00bb dans la dur\u00e9e, en faisant de cet \u00e9v\u00e9nement un rendez-vous ponctuel qui se r\u00e9invente \u00e0 chaque \u00e9dition \u00e0 travers de nouveaux territoires, contenus et exp\u00e9riences. \u00abLe concept traduit la volont\u00e9 du CRT de faire \u00e9merger une destination qui se vit autant qu\u2019elle se visite. Gr\u00e2ce \u00e0 la mobilisation de nos partenaires institutionnels et priv\u00e9s, nous avons su conjuguer d\u00e9couverte, innovation et engagement, en rapprochant le public de ses territoires et de ses acteurs\u00bb, d\u00e9clare Mehdi Hameda Benchekroun, Pr\u00e9sident du CRT Rabat-Sal\u00e9-K\u00e9nitra.<\/p>\n","protected":false},"excerpt":{"rendered":"<p>Organis\u00e9 r\u00e9cemment par le Conseil R\u00e9gional du Tourisme (CRT) de Rabat-Sal\u00e9-K\u00e9nitra, en partenariat avec l\u2019Office National Marocain du Tourisme (ONMT) et avec le soutien des autorit\u00e9s locales, l\u2019\u00e9v\u00e9nement \u00abRabat EnVie 2025\u00bb a marqu\u00e9 une nouvelle \u00e9tape dans la strat\u00e9gie de valorisation de la destination. En r\u00e9unissant professionnels et grand public autour de trois temps forts&nbsp;: &hellip;<\/p>\n","protected":false},"author":9,"featured_media":39369,"comment_status":"open","ping_status":"closed","sticky":false,"template":"","format":"standard","meta":{"footnotes":""},"categories":[205],"tags":[],"class_list":["post-39379","post","type-post","status-publish","format-standard","has-post-thumbnail","hentry","category-regions-2"],"_links":{"self":[{"href":"https:\/\/letempsmag.ma\/index.php?rest_route=\/wp\/v2\/posts\/39379","targetHints":{"allow":["GET"]}}],"collection":[{"href":"https:\/\/letempsmag.ma\/index.php?rest_route=\/wp\/v2\/posts"}],"about":[{"href":"https:\/\/letempsmag.ma\/index.php?rest_route=\/wp\/v2\/types\/post"}],"author":[{"embeddable":true,"href":"https:\/\/letempsmag.ma\/index.php?rest_route=\/wp\/v2\/users\/9"}],"replies":[{"embeddable":true,"href":"https:\/\/letempsmag.ma\/index.php?rest_route=%2Fwp%2Fv2%2Fcomments&post=39379"}],"version-history":[{"count":1,"href":"https:\/\/letempsmag.ma\/index.php?rest_route=\/wp\/v2\/posts\/39379\/revisions"}],"predecessor-version":[{"id":39380,"href":"https:\/\/letempsmag.ma\/index.php?rest_route=\/wp\/v2\/posts\/39379\/revisions\/39380"}],"wp:featuredmedia":[{"embeddable":true,"href":"https:\/\/letempsmag.ma\/index.php?rest_route=\/wp\/v2\/media\/39369"}],"wp:attachment":[{"href":"https:\/\/letempsmag.ma\/index.php?rest_route=%2Fwp%2Fv2%2Fmedia&parent=39379"}],"wp:term":[{"taxonomy":"category","embeddable":true,"href":"https:\/\/letempsmag.ma\/index.php?rest_route=%2Fwp%2Fv2%2Fcategories&post=39379"},{"taxonomy":"post_tag","embeddable":true,"href":"https:\/\/letempsmag.ma\/index.php?rest_route=%2Fwp%2Fv2%2Ftags&post=39379"}],"curies":[{"name":"wp","href":"https:\/\/api.w.org\/{rel}","templated":true}]}}