{"id":39373,"date":"2025-10-28T10:55:02","date_gmt":"2025-10-28T09:55:02","guid":{"rendered":"https:\/\/letempsmag.ma\/?p=39373"},"modified":"2025-10-28T10:55:02","modified_gmt":"2025-10-28T09:55:02","slug":"le-design-marocain-a-lhonneur-aux-mida-2025","status":"publish","type":"post","link":"https:\/\/letempsmag.ma\/?p=39373","title":{"rendered":"Le design marocain \u00e0 l\u2019honneur aux \u00abMIDA 2025\u00bb"},"content":{"rendered":"\n<p>Le \u00abJardin Habit\u00e9\u00bb de l\u2019\u00c9cole Sup\u00e9rieure des Beaux-Arts de Casablanca a accueilli, le 16 octobre dernier, une belle soir\u00e9e de r\u00e9v\u00e9lation des 73 projets nomin\u00e9s des Moroccan Interior Design Awards (MIDA), organis\u00e9s par le groupe Archimedia sous l\u2019\u00e9gide du minist\u00e8re de l\u2019Am\u00e9nagement du Territoire national, de l\u2019Urbanisme, de l\u2019Habitat et de la Politique de la ville.<\/p>\n\n\n\n<p>\u00c0 travers cette premi\u00e8re \u00e9dition, les MIDA c\u00e9l\u00e8brent le talent, la cr\u00e9ativit\u00e9 et l\u2019audace du design d\u2019int\u00e9rieur marocain, avec l\u2019ambition de s\u2019imposer comme une r\u00e9f\u00e9rence nationale et internationale. La comp\u00e9tition distingue les projets et les cr\u00e9ateurs qui r\u00e9inventent l\u2019art de vivre \u00e0 la marocaine, entre modernit\u00e9, durabilit\u00e9 et identit\u00e9.<\/p>\n\n\n\n<p><strong><em>Une sc\u00e8ne en pleine effervescence<\/em><\/strong><\/p>\n\n\n\n<p>Dans le cadre inspirant de l\u2019\u00c9cole Sup\u00e9rieure des Beaux-Arts, architectes, designers et professionnels du secteur se sont r\u00e9unis pour c\u00e9l\u00e9brer la vitalit\u00e9 du design marocain contemporain. Les projets nomin\u00e9s incarnent une g\u00e9n\u00e9ration engag\u00e9e, attentive aux mat\u00e9riaux, aux savoir-faire locaux et aux enjeux de leur temps&nbsp;: du confort \u00e0 la durabilit\u00e9, de la fonctionnalit\u00e9 \u00e0 l\u2019\u00e9motion.<\/p>\n\n\n\n<p><strong><em>Un jury d\u2019exception<\/em><\/strong><\/p>\n\n\n\n<p>La s\u00e9lection 2025 a \u00e9t\u00e9 \u00e9valu\u00e9e par un jury pluridisciplinaire pr\u00e9sid\u00e9 par Lotfi Sidirahal (Atelier Pod), architecte et designer international, entour\u00e9 de Sacha Lakic, un jury d\u2019honneur, ainsi que des personnalit\u00e9s reconnues dans le monde du design, de la presse et de la formation.<\/p>\n\n\n\n<p><strong><em>Les 16 cat\u00e9gories des MIDA 2025<\/em><\/strong><\/p>\n\n\n\n<p>Cette premi\u00e8re \u00e9dition met \u00e0 l\u2019honneur des projets r\u00e9partis dans 16 cat\u00e9gories, illustrant la richesse et la diversit\u00e9 du design d\u2019int\u00e9rieur marocain.<\/p>\n\n\n\n<p>Des espaces d\u2019h\u00f4tellerie \u00e0 l\u2019int\u00e9gration de l\u2019artisanat, du bien-\u00eatre \u00e0 l\u2019architecture commerciale, en passant par la maison de l\u2019ann\u00e9e, les espaces gastronomiques, ou encore l\u2019am\u00e9nagement de bureaux et la conception lumi\u00e8re, chaque cat\u00e9gorie c\u00e9l\u00e8bre une approche singuli\u00e8re de la cr\u00e9ation.<\/p>\n\n\n\n<p>Les jeunes designers et \u00e9tudiants en architecture d\u2019int\u00e9rieur y trouvent \u00e9galement leur place \u00e0 travers les distinctions d\u00e9di\u00e9es aux premi\u00e8res \u0153uvres et aux meilleurs projets de fin d\u2019\u00e9tudes, refl\u00e9tant le dynamisme et la rel\u00e8ve d\u2019une sc\u00e8ne en pleine expansion.<\/p>\n\n\n\n<p><strong><em>Prochaine \u00e9tape&nbsp;: la remise des troph\u00e9es<\/em><\/strong><\/p>\n\n\n\n<p>La c\u00e9r\u00e9monie officielle se tiendra en d\u00e9cembre prochain, en pr\u00e9sence des professionnels du secteur, des partenaires, des institutions et des m\u00e9dias. Chaque cat\u00e9gorie r\u00e9compensera un laur\u00e9at et les troph\u00e9es (cr\u00e9\u00e9s par la designer Selma Khamlichi) viendront distinguer les talents qui fa\u00e7onnent les nouveaux visages du design marocain.<\/p>\n\n\n\n<p>Le \u00abPrix du Public\u00bb, quant \u00e0 lui, sera ouvert au vote d\u00e8s le 23 octobre prochain sur le site officiel \u00abwww.midaawards.ma\u00bb, offrant \u00e0 chacun la possibilit\u00e9 de soutenir son projet favori.<\/p>\n\n\n\n<p><strong><em>\u00c0 propos des Moroccan Interior Design Awards<\/em><\/strong><\/p>\n\n\n\n<p>Les Moroccan Interior Design Awards (MIDA), organis\u00e9s par le Groupe Archimedia s\u2019inscrivent dans la continuit\u00e9 des Young Moroccan Architecture Awards (YMAA), en \u00e9largissant la mise en valeur de la cr\u00e9ation marocaine au champ du design d\u2019int\u00e9rieur. Cette comp\u00e9tition nationale distingue l\u2019innovation, l\u2019audace et l\u2019excellence, et met en lumi\u00e8re les talents qui fa\u00e7onnent les nouveaux modes d\u2019habiter et de concevoir les espaces au Maroc. Port\u00e9s par la volont\u00e9 de r\u00e9v\u00e9ler les talents marocains et de souligner le r\u00f4le essentiel du design dans la qualit\u00e9 de vie, les MIDA aspirent \u00e0 devenir le rendez-vous de r\u00e9f\u00e9rence pour les professionnels du design d\u2019int\u00e9rieur et de la cr\u00e9ation contemporaine.<\/p>\n","protected":false},"excerpt":{"rendered":"<p>Le \u00abJardin Habit\u00e9\u00bb de l\u2019\u00c9cole Sup\u00e9rieure des Beaux-Arts de Casablanca a accueilli, le 16 octobre dernier, une belle soir\u00e9e de r\u00e9v\u00e9lation des 73 projets nomin\u00e9s des Moroccan Interior Design Awards (MIDA), organis\u00e9s par le groupe Archimedia sous l\u2019\u00e9gide du minist\u00e8re de l\u2019Am\u00e9nagement du Territoire national, de l\u2019Urbanisme, de l\u2019Habitat et de la Politique de la &hellip;<\/p>\n","protected":false},"author":9,"featured_media":39368,"comment_status":"open","ping_status":"closed","sticky":false,"template":"","format":"standard","meta":{"footnotes":""},"categories":[149],"tags":[],"class_list":["post-39373","post","type-post","status-publish","format-standard","has-post-thumbnail","hentry","category-art"],"_links":{"self":[{"href":"https:\/\/letempsmag.ma\/index.php?rest_route=\/wp\/v2\/posts\/39373","targetHints":{"allow":["GET"]}}],"collection":[{"href":"https:\/\/letempsmag.ma\/index.php?rest_route=\/wp\/v2\/posts"}],"about":[{"href":"https:\/\/letempsmag.ma\/index.php?rest_route=\/wp\/v2\/types\/post"}],"author":[{"embeddable":true,"href":"https:\/\/letempsmag.ma\/index.php?rest_route=\/wp\/v2\/users\/9"}],"replies":[{"embeddable":true,"href":"https:\/\/letempsmag.ma\/index.php?rest_route=%2Fwp%2Fv2%2Fcomments&post=39373"}],"version-history":[{"count":1,"href":"https:\/\/letempsmag.ma\/index.php?rest_route=\/wp\/v2\/posts\/39373\/revisions"}],"predecessor-version":[{"id":39374,"href":"https:\/\/letempsmag.ma\/index.php?rest_route=\/wp\/v2\/posts\/39373\/revisions\/39374"}],"wp:featuredmedia":[{"embeddable":true,"href":"https:\/\/letempsmag.ma\/index.php?rest_route=\/wp\/v2\/media\/39368"}],"wp:attachment":[{"href":"https:\/\/letempsmag.ma\/index.php?rest_route=%2Fwp%2Fv2%2Fmedia&parent=39373"}],"wp:term":[{"taxonomy":"category","embeddable":true,"href":"https:\/\/letempsmag.ma\/index.php?rest_route=%2Fwp%2Fv2%2Fcategories&post=39373"},{"taxonomy":"post_tag","embeddable":true,"href":"https:\/\/letempsmag.ma\/index.php?rest_route=%2Fwp%2Fv2%2Ftags&post=39373"}],"curies":[{"name":"wp","href":"https:\/\/api.w.org\/{rel}","templated":true}]}}