{"id":39351,"date":"2025-10-27T08:53:00","date_gmt":"2025-10-27T07:53:00","guid":{"rendered":"https:\/\/letempsmag.ma\/?p=39351"},"modified":"2025-10-27T08:53:43","modified_gmt":"2025-10-27T07:53:43","slug":"un-francais-dorigine-algerienne-recherche-par-interpol-interpelle-a-laeroport-international-mohammed-v","status":"publish","type":"post","link":"https:\/\/letempsmag.ma\/?p=39351","title":{"rendered":"Un Fran\u00e7ais d\u2019origine alg\u00e9rienne, recherch\u00e9 par Interpol, interpell\u00e9 \u00e0 l\u2019a\u00e9roport international Mohammed V"},"content":{"rendered":"\n<p>Les \u00e9l\u00e9ments de la S\u00fbret\u00e9 Nationale de l\u2019a\u00e9roport international Mohammed V de Casablanca ont interpell\u00e9, samedi dernier, un ressortissant fran\u00e7ais d\u2019origine alg\u00e9rienne, \u00e2g\u00e9 de 24 ans, faisant l\u2019objet d\u2019un mandat d\u2019arr\u00eat international \u00e9mis par les autorit\u00e9s judiciaires fran\u00e7aises.<\/p>\n\n\n\n<p>Le pointage du mis en cause dans la base des donn\u00e9es d\u2019Interpol a r\u00e9v\u00e9l\u00e9 qu\u2019il est recherch\u00e9 au niveau international sur la base d\u2019une notice rouge \u00e9mise par le Bureau central national \u00e0 Paris, pour son implication pr\u00e9sum\u00e9e dans une affaire relative \u00e0 l\u2019appartenance \u00e0 un r\u00e9seau criminel et la d\u00e9tention ill\u00e9gale de substances explosives, indique une source s\u00e9curitaire.<\/p>\n\n\n\n<p>Le suspect a \u00e9t\u00e9 plac\u00e9 en garde \u00e0 vue dans le cadre de la proc\u00e9dure d\u2019extradition sur instruction du parquet comp\u00e9tent, tandis que le Bureau central national Interpol Rabat relevant de la Direction G\u00e9n\u00e9rale de la S\u00fbret\u00e9 Nationale a \u00e9t\u00e9 charg\u00e9 de notifier cette interpellation \u00e0 son homologue fran\u00e7ais, pr\u00e9cise la m\u00eame source.<\/p>\n\n\n\n<p>L\u2019arrestation du pr\u00e9venu s\u2019inscrit dans le cadre des relations de coop\u00e9ration internationale dans les domaines s\u00e9curitaires et des efforts d\u00e9ploy\u00e9s par les services s\u00e9curitaires marocains, notamment en ce qui concerne la traque des personnes recherch\u00e9es au niveau international pour des crimes transfrontaliers.<\/p>\n","protected":false},"excerpt":{"rendered":"<p>Les \u00e9l\u00e9ments de la S\u00fbret\u00e9 Nationale de l\u2019a\u00e9roport international Mohammed V de Casablanca ont interpell\u00e9, samedi dernier, un ressortissant fran\u00e7ais d\u2019origine alg\u00e9rienne, \u00e2g\u00e9 de 24 ans, faisant l\u2019objet d\u2019un mandat d\u2019arr\u00eat international \u00e9mis par les autorit\u00e9s judiciaires fran\u00e7aises. Le pointage du mis en cause dans la base des donn\u00e9es d\u2019Interpol a r\u00e9v\u00e9l\u00e9 qu\u2019il est recherch\u00e9 &hellip;<\/p>\n","protected":false},"author":9,"featured_media":39337,"comment_status":"open","ping_status":"closed","sticky":false,"template":"","format":"standard","meta":{"footnotes":""},"categories":[183],"tags":[],"class_list":["post-39351","post","type-post","status-publish","format-standard","has-post-thumbnail","hentry","category-criminalite-2"],"_links":{"self":[{"href":"https:\/\/letempsmag.ma\/index.php?rest_route=\/wp\/v2\/posts\/39351","targetHints":{"allow":["GET"]}}],"collection":[{"href":"https:\/\/letempsmag.ma\/index.php?rest_route=\/wp\/v2\/posts"}],"about":[{"href":"https:\/\/letempsmag.ma\/index.php?rest_route=\/wp\/v2\/types\/post"}],"author":[{"embeddable":true,"href":"https:\/\/letempsmag.ma\/index.php?rest_route=\/wp\/v2\/users\/9"}],"replies":[{"embeddable":true,"href":"https:\/\/letempsmag.ma\/index.php?rest_route=%2Fwp%2Fv2%2Fcomments&post=39351"}],"version-history":[{"count":1,"href":"https:\/\/letempsmag.ma\/index.php?rest_route=\/wp\/v2\/posts\/39351\/revisions"}],"predecessor-version":[{"id":39352,"href":"https:\/\/letempsmag.ma\/index.php?rest_route=\/wp\/v2\/posts\/39351\/revisions\/39352"}],"wp:featuredmedia":[{"embeddable":true,"href":"https:\/\/letempsmag.ma\/index.php?rest_route=\/wp\/v2\/media\/39337"}],"wp:attachment":[{"href":"https:\/\/letempsmag.ma\/index.php?rest_route=%2Fwp%2Fv2%2Fmedia&parent=39351"}],"wp:term":[{"taxonomy":"category","embeddable":true,"href":"https:\/\/letempsmag.ma\/index.php?rest_route=%2Fwp%2Fv2%2Fcategories&post=39351"},{"taxonomy":"post_tag","embeddable":true,"href":"https:\/\/letempsmag.ma\/index.php?rest_route=%2Fwp%2Fv2%2Ftags&post=39351"}],"curies":[{"name":"wp","href":"https:\/\/api.w.org\/{rel}","templated":true}]}}