{"id":39347,"date":"2025-10-27T08:48:00","date_gmt":"2025-10-27T07:48:00","guid":{"rendered":"https:\/\/letempsmag.ma\/?p=39347"},"modified":"2025-10-27T08:48:33","modified_gmt":"2025-10-27T07:48:33","slug":"wada7-pose-son-regard-sur-le-maroc-terre-davancees-et-dinspiration","status":"publish","type":"post","link":"https:\/\/letempsmag.ma\/?p=39347","title":{"rendered":"WADA7 pose son regard sur le Maroc, terre d\u2019avanc\u00e9es et d\u2019inspiration"},"content":{"rendered":"\n<p>Cinq ans apr\u00e8s son lancement, le m\u00e9dia digital WADA7 c\u00e9l\u00e8bre une \u00e9tape majeure en tournant son regard vers le Maroc, un pays vibrant d\u2019innovation et de dynamisme culturel. Avec plus de 20 millions de followers et 9 milliards de vues cumul\u00e9es, cette plateforme arabe s\u2019est impos\u00e9e comme une r\u00e9f\u00e9rence incontournable pour la jeunesse de la r\u00e9gion MENA (Moyen Orient et Afrique du Nord). Le Maroc, carrefour de modernit\u00e9 et de traditions, y joue un r\u00f4le central.<\/p>\n\n\n\n<p><strong><em>Un m\u00e9dia ancr\u00e9 dans la richesse marocaine<\/em><\/strong><\/p>\n\n\n\n<p>WADA7 a su capturer l\u2019\u00e9lan du Maroc, un pays o\u00f9 la cr\u00e9ativit\u00e9, le tourisme, le sport et la culture s\u2019entrelacent pour inspirer des r\u00e9cits uniques.<\/p>\n\n\n\n<p>\u00c0 travers ses d\u00e9clinaisons locales, notamment au Maroc, WADA7 met en lumi\u00e8re les histoires, les talents et les initiatives qui font rayonner le Royaume, tout en touchant chaque jour jusqu\u2019\u00e0 5% des jeunes arabophones. Des festivals culturels aux exploits sportifs, en passant par les avanc\u00e9es touristiques, le Maroc brille comme une source d\u2019inspiration pour le contenu du m\u00e9dia.&nbsp; Un pont entre les cultures, port\u00e9 par l\u2019ouverture marocaine<\/p>\n\n\n\n<p><strong><em>Doubler la port\u00e9e d\u2019ici \u00e0 deux ans&nbsp;<\/em><\/strong><\/p>\n\n\n\n<p>Fid\u00e8le \u00e0 son ADN apolitique et non confessionnel, la plateforme s\u2019appuie sur l\u2019esprit d\u2019ouverture du Maroc pour tisser des liens entre les cultures de la r\u00e9gion MENA. En valorisant les passions communes et en donnant une place de choix au public f\u00e9minin, le m\u00e9dia refl\u00e8te l\u2019\u00e9nergie inclusive du Royaume, o\u00f9 modernit\u00e9 et authenticit\u00e9 se rencontrent pour cr\u00e9er un dialogue universel.<\/p>\n\n\n\n<p>Fort de son succ\u00e8s, WADA7 ambitionne de doubler sa port\u00e9e d\u2019ici \u00e0 deux ans, visant 40 millions d\u2019abonn\u00e9s et 15% de l\u2019audience r\u00e9gionale. Le Maroc, avec son dynamisme et sa capacit\u00e9 \u00e0 innover, sera un pilier de cette expansion, servant de mod\u00e8le pour un contenu qui engage, inspire et c\u00e9l\u00e8bre les avanc\u00e9es de la r\u00e9gion.<\/p>\n\n\n\n<p>\u00c0 l\u2019aube de sa 6<sup>\u00e8me<\/sup> ann\u00e9e, WADA7 s\u2019affirme ainsi comme un acteur- cl\u00e9 du paysage m\u00e9diatique arabe, avec le Maroc comme terre d\u2019opportunit\u00e9s et de rayonnement, pr\u00eat \u00e0 fa\u00e7onner un avenir connect\u00e9 et f\u00e9d\u00e9rateur.<\/p>\n","protected":false},"excerpt":{"rendered":"<p>Cinq ans apr\u00e8s son lancement, le m\u00e9dia digital WADA7 c\u00e9l\u00e8bre une \u00e9tape majeure en tournant son regard vers le Maroc, un pays vibrant d\u2019innovation et de dynamisme culturel. Avec plus de 20 millions de followers et 9 milliards de vues cumul\u00e9es, cette plateforme arabe s\u2019est impos\u00e9e comme une r\u00e9f\u00e9rence incontournable pour la jeunesse de la &hellip;<\/p>\n","protected":false},"author":9,"featured_media":39342,"comment_status":"open","ping_status":"closed","sticky":false,"template":"","format":"standard","meta":{"footnotes":""},"categories":[1562],"tags":[],"class_list":["post-39347","post","type-post","status-publish","format-standard","has-post-thumbnail","hentry","category-medias-digitaux"],"_links":{"self":[{"href":"https:\/\/letempsmag.ma\/index.php?rest_route=\/wp\/v2\/posts\/39347","targetHints":{"allow":["GET"]}}],"collection":[{"href":"https:\/\/letempsmag.ma\/index.php?rest_route=\/wp\/v2\/posts"}],"about":[{"href":"https:\/\/letempsmag.ma\/index.php?rest_route=\/wp\/v2\/types\/post"}],"author":[{"embeddable":true,"href":"https:\/\/letempsmag.ma\/index.php?rest_route=\/wp\/v2\/users\/9"}],"replies":[{"embeddable":true,"href":"https:\/\/letempsmag.ma\/index.php?rest_route=%2Fwp%2Fv2%2Fcomments&post=39347"}],"version-history":[{"count":1,"href":"https:\/\/letempsmag.ma\/index.php?rest_route=\/wp\/v2\/posts\/39347\/revisions"}],"predecessor-version":[{"id":39348,"href":"https:\/\/letempsmag.ma\/index.php?rest_route=\/wp\/v2\/posts\/39347\/revisions\/39348"}],"wp:featuredmedia":[{"embeddable":true,"href":"https:\/\/letempsmag.ma\/index.php?rest_route=\/wp\/v2\/media\/39342"}],"wp:attachment":[{"href":"https:\/\/letempsmag.ma\/index.php?rest_route=%2Fwp%2Fv2%2Fmedia&parent=39347"}],"wp:term":[{"taxonomy":"category","embeddable":true,"href":"https:\/\/letempsmag.ma\/index.php?rest_route=%2Fwp%2Fv2%2Fcategories&post=39347"},{"taxonomy":"post_tag","embeddable":true,"href":"https:\/\/letempsmag.ma\/index.php?rest_route=%2Fwp%2Fv2%2Ftags&post=39347"}],"curies":[{"name":"wp","href":"https:\/\/api.w.org\/{rel}","templated":true}]}}