{"id":39345,"date":"2025-10-27T08:43:00","date_gmt":"2025-10-27T07:43:00","guid":{"rendered":"https:\/\/letempsmag.ma\/?p=39345"},"modified":"2025-10-27T08:46:40","modified_gmt":"2025-10-27T07:46:40","slug":"codays-2025-repenser-les-soins-en-cancerologie-autour-du-patient","status":"publish","type":"post","link":"https:\/\/letempsmag.ma\/?p=39345","title":{"rendered":"\u00abCoDays 2025\u00bb\u00a0: repenser les soins en canc\u00e9rologie autour du patient"},"content":{"rendered":"\n<p>Apr\u00e8s le franc succ\u00e8s de sa pr\u00e9c\u00e9dente \u00e9dition, la Clinique d\u2019Oncologie 16 Novembre (Rabat) annonce la tenue de la 4<sup>\u00e8me<\/sup> \u00e9dition des \u00abCoDays\u00bb, pr\u00e9vue les 14 et 15 novembre prochain au Sofitel Rabat Jardin des Roses. Ce rendez-vous scientifique annuel incontournable r\u00e9unira oncologues, experts m\u00e9dicaux, chercheurs, acteurs institutionnels et partenaires du monde de la sant\u00e9, autour du th\u00e8me \u00abLes soins en canc\u00e9rologie&nbsp;: entre m\u00e9decine de pr\u00e9cision et m\u00e9decine int\u00e9grative\u00bb.<\/p>\n\n\n\n<p>Alors que les avanc\u00e9es biom\u00e9dicales r\u00e9volutionnent la prise en charge des cancers, les \u00abCoDays 2025\u00bb poseront un regard crois\u00e9 sur deux dynamiques compl\u00e9mentaires, la m\u00e9decine de pr\u00e9cision, fond\u00e9e sur l\u2019individualisation des traitements gr\u00e2ce aux donn\u00e9es g\u00e9n\u00e9tiques et mol\u00e9culaires, et la m\u00e9decine int\u00e9grative, qui place le bien-\u00eatre global du patient (physique, psychologique, nutritionnel et social) au c\u0153ur du processus de soin.<\/p>\n\n\n\n<p>Cette \u00e9dition sera l\u2019occasion de r\u00e9fl\u00e9chir collectivement \u00e0 la mani\u00e8re de concilier rigueur scientifique, innovations technologiques et approche humaine dans un syst\u00e8me de sant\u00e9 en mutation, tout en gardant pour cap l\u2019accessibilit\u00e9, la qualit\u00e9 et la continuit\u00e9 des soins pour tous les patients marocains.<\/p>\n\n\n\n<p>Comme lors des pr\u00e9c\u00e9dentes \u00e9ditions, les \u00abCoDays 2025\u00bb proposeront un programme scientifique de tr\u00e8s haut niveau, r\u00e9unissant des experts nationaux et internationaux de r\u00e9f\u00e9rence, venus partager leur exp\u00e9rience, leurs r\u00e9sultats de recherche et leurs recommandations cliniques.&nbsp;<\/p>\n\n\n\n<p>Des sessions pl\u00e9ni\u00e8res, des symposiums sponsoris\u00e9s, des \u00e9tudes de cas cliniques, ainsi que des espaces de d\u00e9bats multidisciplinaires viendront rythmer ces deux journ\u00e9es, dans la lign\u00e9e des \u00e9ditions pr\u00e9c\u00e9dentes qui ont su f\u00e9d\u00e9rer les communaut\u00e9s scientifiques et m\u00e9dicales autour d\u2019une vision partag\u00e9e de l\u2019innovation au service du patient.<\/p>\n\n\n\n<p>En choisissant cette th\u00e9matique ambitieuse, la Clinique 16 Novembre confirme son r\u00f4le moteur dans l\u2019\u00e9volution des pratiques oncologiques au Maroc. Elle poursuit son engagement pour un mod\u00e8le de soin \u00e0 la fois performant, humain et durable, int\u00e9grant les derni\u00e8res avanc\u00e9es internationales tout en tenant compte des r\u00e9alit\u00e9s du syst\u00e8me de sant\u00e9 national.<\/p>\n\n\n\n<p>Les \u00abCoDays\u00bb, devenus au fil des ann\u00e9es une r\u00e9f\u00e9rence r\u00e9gionale en mati\u00e8re de dialogue scientifique, s\u2019inscrivent dans une dynamique de co-construction, de partage d\u2019expertises et de formation continue des professionnels de sant\u00e9.<\/p>\n","protected":false},"excerpt":{"rendered":"<p>Apr\u00e8s le franc succ\u00e8s de sa pr\u00e9c\u00e9dente \u00e9dition, la Clinique d\u2019Oncologie 16 Novembre (Rabat) annonce la tenue de la 4\u00e8me \u00e9dition des \u00abCoDays\u00bb, pr\u00e9vue les 14 et 15 novembre prochain au Sofitel Rabat Jardin des Roses. Ce rendez-vous scientifique annuel incontournable r\u00e9unira oncologues, experts m\u00e9dicaux, chercheurs, acteurs institutionnels et partenaires du monde de la sant\u00e9, &hellip;<\/p>\n","protected":false},"author":9,"featured_media":39341,"comment_status":"open","ping_status":"closed","sticky":false,"template":"","format":"standard","meta":{"footnotes":""},"categories":[26],"tags":[],"class_list":["post-39345","post","type-post","status-publish","format-standard","has-post-thumbnail","hentry","category-sante"],"_links":{"self":[{"href":"https:\/\/letempsmag.ma\/index.php?rest_route=\/wp\/v2\/posts\/39345","targetHints":{"allow":["GET"]}}],"collection":[{"href":"https:\/\/letempsmag.ma\/index.php?rest_route=\/wp\/v2\/posts"}],"about":[{"href":"https:\/\/letempsmag.ma\/index.php?rest_route=\/wp\/v2\/types\/post"}],"author":[{"embeddable":true,"href":"https:\/\/letempsmag.ma\/index.php?rest_route=\/wp\/v2\/users\/9"}],"replies":[{"embeddable":true,"href":"https:\/\/letempsmag.ma\/index.php?rest_route=%2Fwp%2Fv2%2Fcomments&post=39345"}],"version-history":[{"count":1,"href":"https:\/\/letempsmag.ma\/index.php?rest_route=\/wp\/v2\/posts\/39345\/revisions"}],"predecessor-version":[{"id":39346,"href":"https:\/\/letempsmag.ma\/index.php?rest_route=\/wp\/v2\/posts\/39345\/revisions\/39346"}],"wp:featuredmedia":[{"embeddable":true,"href":"https:\/\/letempsmag.ma\/index.php?rest_route=\/wp\/v2\/media\/39341"}],"wp:attachment":[{"href":"https:\/\/letempsmag.ma\/index.php?rest_route=%2Fwp%2Fv2%2Fmedia&parent=39345"}],"wp:term":[{"taxonomy":"category","embeddable":true,"href":"https:\/\/letempsmag.ma\/index.php?rest_route=%2Fwp%2Fv2%2Fcategories&post=39345"},{"taxonomy":"post_tag","embeddable":true,"href":"https:\/\/letempsmag.ma\/index.php?rest_route=%2Fwp%2Fv2%2Ftags&post=39345"}],"curies":[{"name":"wp","href":"https:\/\/api.w.org\/{rel}","templated":true}]}}