{"id":39334,"date":"2025-10-25T10:05:36","date_gmt":"2025-10-25T09:05:36","guid":{"rendered":"https:\/\/letempsmag.ma\/?p=39334"},"modified":"2025-10-25T10:05:36","modified_gmt":"2025-10-25T09:05:36","slug":"le-maroc-veut-former-200-000-enfants-aux-competences-numeriques-et-a-lia","status":"publish","type":"post","link":"https:\/\/letempsmag.ma\/?p=39334","title":{"rendered":"Le Maroc veut former 200.000 enfants aux comp\u00e9tences num\u00e9riques et \u00e0 l\u2019IA"},"content":{"rendered":"\n<p>Dans le souci de r\u00e9duire la fracture num\u00e9rique et de pr\u00e9parer une nouvelle g\u00e9n\u00e9ration de talents num\u00e9riques, le gouvernement a lanc\u00e9, le 20 octobre dernier, un programme national dont le but est d\u2019initier 200.000 enfants aux technologies num\u00e9riques et \u00e0 l\u2019intelligence artificielle (IA). Cette initiative s\u2019inscrit dans le cadre de l\u2019ambition du Maroc de s\u2019imposer comme un hub num\u00e9rique inclusif et comp\u00e9titif conform\u00e9ment \u00e0 la strat\u00e9gie \u00abMaroc num\u00e9rique 2030\u00bb.<\/p>\n\n\n\n<p>Ce projet \u00e9mane d\u2019un partenariat interminist\u00e9riel sign\u00e9 en mars 2025 entre les minist\u00e8res de la Transition num\u00e9rique, de la Jeunesse et de l\u2019\u00c9conomie et des Finances et le Centre International d\u2019Intelligence Artificielle du Maroc (Mouvement IA) relevant de l\u2019Universit\u00e9 Mohammed VI Polytechnique (UM6P), qui op\u00e8re en collaboration avec l\u2019UNESCO.<\/p>\n\n\n\n<p>L\u2019objectif de cette initiative est de d\u00e9velopper la culture num\u00e9rique et la cr\u00e9ativit\u00e9 technologique chez les enfants et les adolescents, les pr\u00e9parant ainsi \u00e0 un avenir o\u00f9 l\u2019IA et les technologies ax\u00e9es sur les donn\u00e9es fa\u00e7onneront la plupart des secteurs d\u2019activit\u00e9. Selon Ghita Mezzour, Ministre d\u00e9l\u00e9gu\u00e9e charg\u00e9e de la Transition num\u00e9rique, \u00abCe programme incarne l\u2019engagement du Maroc \u00e0 doter sa jeunesse des comp\u00e9tences d\u2019avenir. L\u2019IA et le savoir num\u00e9rique ne sont plus une option&nbsp;: ils sont essentiels \u00e0 la croissance inclusive et \u00e0 l\u2019innovation\u00bb.<\/p>\n\n\n\n<p>Dans une phase-pilote, ce programme a \u00e9t\u00e9 lanc\u00e9 dans 12 villes sous la houlette de 65 superviseurs qui encadreront les enfants \u00e0 travers des ateliers pratiques, des modules d\u2019apprentissage interactifs et des projets num\u00e9riques cr\u00e9atifs. Dans une seconde phase, le projet sera \u00e9tendu au reste du pays.<\/p>\n","protected":false},"excerpt":{"rendered":"<p>Dans le souci de r\u00e9duire la fracture num\u00e9rique et de pr\u00e9parer une nouvelle g\u00e9n\u00e9ration de talents num\u00e9riques, le gouvernement a lanc\u00e9, le 20 octobre dernier, un programme national dont le but est d\u2019initier 200.000 enfants aux technologies num\u00e9riques et \u00e0 l\u2019intelligence artificielle (IA). Cette initiative s\u2019inscrit dans le cadre de l\u2019ambition du Maroc de s\u2019imposer &hellip;<\/p>\n","protected":false},"author":9,"featured_media":39321,"comment_status":"open","ping_status":"closed","sticky":false,"template":"","format":"standard","meta":{"footnotes":""},"categories":[114],"tags":[],"class_list":["post-39334","post","type-post","status-publish","format-standard","has-post-thumbnail","hentry","category-technologies"],"_links":{"self":[{"href":"https:\/\/letempsmag.ma\/index.php?rest_route=\/wp\/v2\/posts\/39334","targetHints":{"allow":["GET"]}}],"collection":[{"href":"https:\/\/letempsmag.ma\/index.php?rest_route=\/wp\/v2\/posts"}],"about":[{"href":"https:\/\/letempsmag.ma\/index.php?rest_route=\/wp\/v2\/types\/post"}],"author":[{"embeddable":true,"href":"https:\/\/letempsmag.ma\/index.php?rest_route=\/wp\/v2\/users\/9"}],"replies":[{"embeddable":true,"href":"https:\/\/letempsmag.ma\/index.php?rest_route=%2Fwp%2Fv2%2Fcomments&post=39334"}],"version-history":[{"count":1,"href":"https:\/\/letempsmag.ma\/index.php?rest_route=\/wp\/v2\/posts\/39334\/revisions"}],"predecessor-version":[{"id":39335,"href":"https:\/\/letempsmag.ma\/index.php?rest_route=\/wp\/v2\/posts\/39334\/revisions\/39335"}],"wp:featuredmedia":[{"embeddable":true,"href":"https:\/\/letempsmag.ma\/index.php?rest_route=\/wp\/v2\/media\/39321"}],"wp:attachment":[{"href":"https:\/\/letempsmag.ma\/index.php?rest_route=%2Fwp%2Fv2%2Fmedia&parent=39334"}],"wp:term":[{"taxonomy":"category","embeddable":true,"href":"https:\/\/letempsmag.ma\/index.php?rest_route=%2Fwp%2Fv2%2Fcategories&post=39334"},{"taxonomy":"post_tag","embeddable":true,"href":"https:\/\/letempsmag.ma\/index.php?rest_route=%2Fwp%2Fv2%2Ftags&post=39334"}],"curies":[{"name":"wp","href":"https:\/\/api.w.org\/{rel}","templated":true}]}}