{"id":39330,"date":"2025-10-25T10:03:16","date_gmt":"2025-10-25T09:03:16","guid":{"rendered":"https:\/\/letempsmag.ma\/?p=39330"},"modified":"2025-10-25T10:03:16","modified_gmt":"2025-10-25T09:03:16","slug":"sahara-marocain-lappel-dantonio-guterres","status":"publish","type":"post","link":"https:\/\/letempsmag.ma\/?p=39330","title":{"rendered":"Sahara marocain\u00a0: l\u2019appel d\u2019Antonio Guterres"},"content":{"rendered":"\n<p>\u00abIl est urgent de saisir l\u2019\u00e9lan international pour une solution d\u00e9finitive au Sahara occidental\u00bb. C\u2019est en ces termes que le Secr\u00e9taire G\u00e9n\u00e9ral de l\u2019Organisation des Nations Unies, Antonio Guterres, s\u2019est exprim\u00e9 dans son dernier rapport au Conseil de S\u00e9curit\u00e9 de l\u2019ONU, dans lequel il a exprim\u00e9 sa \u00abprofonde pr\u00e9occupation\u00bb face \u00e0 \u00abl\u2019impasse politique persistante\u00bb entre le Maroc et le front \u00abPolisario\u00bb.<\/p>\n\n\n\n<p>Le chef de l\u2019ONU a mis en relief la n\u00e9cessit\u00e9 d\u2019un effort collectif renouvel\u00e9 pour une solution politique juste, durable et mutuellement acceptable. Dans son rapport, il a r\u00e9it\u00e9r\u00e9 que la Mission des Nations-Unies au Sahara Occidental (MINURSO) demeure la seule source impartiale de surveillance et de stabilit\u00e9 dans une r\u00e9gion marqu\u00e9e par des hostilit\u00e9s de faible intensit\u00e9, une activit\u00e9 de drones et une concurrence r\u00e9gionale croissante. Antonio Guterres a appel\u00e9 les membres du Conseil de S\u00e9curit\u00e9 \u00e0 \u00absoutenir sans r\u00e9serve les efforts de l\u2019Envoy\u00e9 personnel Staffan De Mistura pour promouvoir un processus politique fond\u00e9 sur le r\u00e9alisme, le pragmatisme et le compromis\u00bb.<\/p>\n\n\n\n<p>Actuellement dans les coulisses de l\u2019ONU, circule un projet de R\u00e9solution en discussion, qui devrait \u00eatre vot\u00e9 le 30 octobre prochain. Dans ce projet, les membres du Conseil de S\u00e9curit\u00e9 reconnaissent \u00able soutien exprim\u00e9 par de nombreux \u00c9tats membres \u00e0 la proposition d\u2019autonomie pr\u00e9sent\u00e9e par le Maroc, le 11 avril 2007, au Secr\u00e9tariat G\u00e9n\u00e9ral de l\u2019ONU, qu\u2019ils consid\u00e8rent comme s\u00e9rieuse, cr\u00e9dible et r\u00e9aliste, et comme la base la plus solide pour un r\u00e8glement juste et durable du diff\u00e9rend\u00bb. Le texte assure qu\u2019\u00abUne v\u00e9ritable autonomie sous souverainet\u00e9 marocaine repr\u00e9sente la solution la plus viable\u00bb.<\/p>\n\n\n\n<p>Le projet de R\u00e9solution prolonge \u00e9galement le mandat de la MINURSO jusqu\u2019au 31 janvier 2026. Antonio Guterres estime qu\u2019apr\u00e8s 50 ans de conflit et plus de 35 ans de pr\u00e9sence de la MINURSO, un engagement politique d\u00e9cisif est plus que jamais n\u00e9cessaire pour sortir de l\u2019impasse et redonner au Sahara des perspectives de d\u00e9veloppement et de stabilit\u00e9.<\/p>\n","protected":false},"excerpt":{"rendered":"<p>\u00abIl est urgent de saisir l\u2019\u00e9lan international pour une solution d\u00e9finitive au Sahara occidental\u00bb. C\u2019est en ces termes que le Secr\u00e9taire G\u00e9n\u00e9ral de l\u2019Organisation des Nations Unies, Antonio Guterres, s\u2019est exprim\u00e9 dans son dernier rapport au Conseil de S\u00e9curit\u00e9 de l\u2019ONU, dans lequel il a exprim\u00e9 sa \u00abprofonde pr\u00e9occupation\u00bb face \u00e0 \u00abl\u2019impasse politique persistante\u00bb entre &hellip;<\/p>\n","protected":false},"author":9,"featured_media":39315,"comment_status":"open","ping_status":"closed","sticky":false,"template":"","format":"standard","meta":{"footnotes":""},"categories":[153],"tags":[],"class_list":["post-39330","post","type-post","status-publish","format-standard","has-post-thumbnail","hentry","category-nations-unies"],"_links":{"self":[{"href":"https:\/\/letempsmag.ma\/index.php?rest_route=\/wp\/v2\/posts\/39330","targetHints":{"allow":["GET"]}}],"collection":[{"href":"https:\/\/letempsmag.ma\/index.php?rest_route=\/wp\/v2\/posts"}],"about":[{"href":"https:\/\/letempsmag.ma\/index.php?rest_route=\/wp\/v2\/types\/post"}],"author":[{"embeddable":true,"href":"https:\/\/letempsmag.ma\/index.php?rest_route=\/wp\/v2\/users\/9"}],"replies":[{"embeddable":true,"href":"https:\/\/letempsmag.ma\/index.php?rest_route=%2Fwp%2Fv2%2Fcomments&post=39330"}],"version-history":[{"count":1,"href":"https:\/\/letempsmag.ma\/index.php?rest_route=\/wp\/v2\/posts\/39330\/revisions"}],"predecessor-version":[{"id":39331,"href":"https:\/\/letempsmag.ma\/index.php?rest_route=\/wp\/v2\/posts\/39330\/revisions\/39331"}],"wp:featuredmedia":[{"embeddable":true,"href":"https:\/\/letempsmag.ma\/index.php?rest_route=\/wp\/v2\/media\/39315"}],"wp:attachment":[{"href":"https:\/\/letempsmag.ma\/index.php?rest_route=%2Fwp%2Fv2%2Fmedia&parent=39330"}],"wp:term":[{"taxonomy":"category","embeddable":true,"href":"https:\/\/letempsmag.ma\/index.php?rest_route=%2Fwp%2Fv2%2Fcategories&post=39330"},{"taxonomy":"post_tag","embeddable":true,"href":"https:\/\/letempsmag.ma\/index.php?rest_route=%2Fwp%2Fv2%2Ftags&post=39330"}],"curies":[{"name":"wp","href":"https:\/\/api.w.org\/{rel}","templated":true}]}}