{"id":39326,"date":"2025-10-25T10:01:21","date_gmt":"2025-10-25T09:01:21","guid":{"rendered":"https:\/\/letempsmag.ma\/?p=39326"},"modified":"2025-10-25T10:01:21","modified_gmt":"2025-10-25T09:01:21","slug":"maghrebna-innov-2025-quand-la-jeunesse-marocaine-celebre-linnovation","status":"publish","type":"post","link":"https:\/\/letempsmag.ma\/?p=39326","title":{"rendered":"\u00abMaghrebna Innov 2025\u00bb\u00a0: quand la jeunesse marocaine c\u00e9l\u00e8bre l\u2019innovation"},"content":{"rendered":"\n<p>L\u2019Universit\u00e9 Ibn Tofail de K\u00e9nitra accueillera, le 27 octobre prochain, la c\u00e9r\u00e9monie des Troph\u00e9es de la 4<sup>\u00e8me<\/sup> \u00e9dition du \u00abMaghrebna Innov Vision 2030\u00bb, organis\u00e9e par Dialna Maroc, une plateforme engag\u00e9e et f\u00e9d\u00e9ratrice, cr\u00e9\u00e9e en 2020 par Salma Bensa\u00efd (photo). Son objectif&nbsp;: valoriser la cr\u00e9ativit\u00e9 marocaine, le patrimoine culturel et les industries cr\u00e9atives et culturelles (ICC).<\/p>\n\n\n\n<p>Devenu un rendez-vous phare de la jeunesse cr\u00e9ative, l\u2019\u00e9v\u00e9nement mettra \u00e0 l\u2019honneur les jeunes talents venus de diff\u00e9rentes r\u00e9gions du Royaume, porteurs de projets audacieux m\u00ealant technologie, patrimoine et industries culturelles et cr\u00e9atives.<\/p>\n\n\n\n<p>Sous la pr\u00e9sidence de Salma Bensa\u00efd, fondatrice de Dialna Maroc, mais aussi de Maghrebna Innovation, cette \u00e9dition ambitionne de valoriser l\u2019innovation marocaine au service du d\u00e9veloppement durable et de la souverainet\u00e9 num\u00e9rique. \u00abDoter la jeunesse d\u2019outils technologiques et de soft skills, l\u2019inviter \u00e0 la r\u00e9flexion et \u00e0 l\u2019action, c\u2019est lui offrir les moyens de s\u2019exprimer, de cr\u00e9er avec audace, de rejoindre l\u2019\u00e9lan de la transformation nationale, d\u2019entreprendre et d\u2019agir avec sens pour son pays\u00bb, souligne-t-elle.<\/p>\n\n\n\n<p>Sept troph\u00e9es seront d\u00e9cern\u00e9s, dont le Prix \u00abMeilleure Application Num\u00e9rique\u00bb, le Prix \u00abMeilleur Podcast\u00bb et le Prix \u00abCoup de C\u0153ur du Jury\u00bb. Grande nouveaut\u00e9&nbsp;: le lancement de la premi\u00e8re Classe de Formation Maghrebna Innovation (promotion 2025-2026), destin\u00e9e \u00e0 accompagner les laur\u00e9ats dans la transformation de leurs projets en r\u00e9ussites concr\u00e8tes.<\/p>\n\n\n\n<p>La 5<sup>\u00e8me<\/sup> \u00e9dition, pr\u00e9vue en janvier 2026, poursuivra cette dynamique en \u00e9largissant les th\u00e9matiques et l\u2019accompagnement des jeunes entrepreneurs culturels.<\/p>\n\n\n\n<p><strong>L. F.<\/strong><\/p>\n","protected":false},"excerpt":{"rendered":"<p>L\u2019Universit\u00e9 Ibn Tofail de K\u00e9nitra accueillera, le 27 octobre prochain, la c\u00e9r\u00e9monie des Troph\u00e9es de la 4\u00e8me \u00e9dition du \u00abMaghrebna Innov Vision 2030\u00bb, organis\u00e9e par Dialna Maroc, une plateforme engag\u00e9e et f\u00e9d\u00e9ratrice, cr\u00e9\u00e9e en 2020 par Salma Bensa\u00efd (photo). Son objectif&nbsp;: valoriser la cr\u00e9ativit\u00e9 marocaine, le patrimoine culturel et les industries cr\u00e9atives et culturelles (ICC). &hellip;<\/p>\n","protected":false},"author":9,"featured_media":39319,"comment_status":"open","ping_status":"closed","sticky":false,"template":"","format":"standard","meta":{"footnotes":""},"categories":[799],"tags":[],"class_list":["post-39326","post","type-post","status-publish","format-standard","has-post-thumbnail","hentry","category-creativite"],"_links":{"self":[{"href":"https:\/\/letempsmag.ma\/index.php?rest_route=\/wp\/v2\/posts\/39326","targetHints":{"allow":["GET"]}}],"collection":[{"href":"https:\/\/letempsmag.ma\/index.php?rest_route=\/wp\/v2\/posts"}],"about":[{"href":"https:\/\/letempsmag.ma\/index.php?rest_route=\/wp\/v2\/types\/post"}],"author":[{"embeddable":true,"href":"https:\/\/letempsmag.ma\/index.php?rest_route=\/wp\/v2\/users\/9"}],"replies":[{"embeddable":true,"href":"https:\/\/letempsmag.ma\/index.php?rest_route=%2Fwp%2Fv2%2Fcomments&post=39326"}],"version-history":[{"count":1,"href":"https:\/\/letempsmag.ma\/index.php?rest_route=\/wp\/v2\/posts\/39326\/revisions"}],"predecessor-version":[{"id":39327,"href":"https:\/\/letempsmag.ma\/index.php?rest_route=\/wp\/v2\/posts\/39326\/revisions\/39327"}],"wp:featuredmedia":[{"embeddable":true,"href":"https:\/\/letempsmag.ma\/index.php?rest_route=\/wp\/v2\/media\/39319"}],"wp:attachment":[{"href":"https:\/\/letempsmag.ma\/index.php?rest_route=%2Fwp%2Fv2%2Fmedia&parent=39326"}],"wp:term":[{"taxonomy":"category","embeddable":true,"href":"https:\/\/letempsmag.ma\/index.php?rest_route=%2Fwp%2Fv2%2Fcategories&post=39326"},{"taxonomy":"post_tag","embeddable":true,"href":"https:\/\/letempsmag.ma\/index.php?rest_route=%2Fwp%2Fv2%2Ftags&post=39326"}],"curies":[{"name":"wp","href":"https:\/\/api.w.org\/{rel}","templated":true}]}}