{"id":39324,"date":"2025-10-25T10:00:19","date_gmt":"2025-10-25T09:00:19","guid":{"rendered":"https:\/\/letempsmag.ma\/?p=39324"},"modified":"2025-10-25T10:00:20","modified_gmt":"2025-10-25T09:00:20","slug":"le-haut-commissariat-au-plan-celebre-la-journee-mondiale-de-la-statistique","status":"publish","type":"post","link":"https:\/\/letempsmag.ma\/?p=39324","title":{"rendered":"Le Haut Commissariat au Plan c\u00e9l\u00e8bre la Journ\u00e9e Mondiale de la Statistique"},"content":{"rendered":"\n<p>Le Haut Commissariat au Plan (HCP) a c\u00e9l\u00e9br\u00e9, les 20 et 21 octobre derniers \u00e0 Rabat, la Journ\u00e9e Mondiale de la Statistique, en partenariat avec Bank Al-Maghrib et le Fonds des Nations-Unies pour la Population (UNFPA), sous le th\u00e8me \u00abStimuler le changement gr\u00e2ce \u00e0 des statistiques et des donn\u00e9es de qualit\u00e9 pour tous\u00bb.<\/p>\n\n\n\n<p>R\u00e9unissant plusieurs repr\u00e9sentants des institutions publiques nationales et territoriales, du monde acad\u00e9mique, du secteur priv\u00e9 et des partenaires internationaux (Banque mondiale, OCDE, INSEE et Statistics Denmark), cet \u00e9v\u00e9nement a mis en exergue le r\u00f4le d\u00e9terminant de la donn\u00e9e statistique dans la transformation de l\u2019action publique, la planification territoriale et le d\u00e9veloppement durable.<\/p>\n\n\n\n<p>Les \u00e9changes tenus au cours de la premi\u00e8re journ\u00e9e ont fait \u00e9merger une conviction largement partag\u00e9e&nbsp;: les donn\u00e9es ne sont pas de simples chiffres, ce sont des leviers d\u2019action, des instruments de transparence et de justice sociale, ainsi que des passerelles vers des politiques publiques efficaces et inclusives. Dans un monde en plein mutation, la statistique s\u2019affirme plus que jamais comme outil ind\u00e9niable de prospective, de pilotage, de ciblage et d\u2019\u00e9valuation des politiques publiques.<\/p>\n\n\n\n<p>\u00c0 travers cette c\u00e9l\u00e9bration, le HCP et ses partenaires ont r\u00e9affirm\u00e9 leur volont\u00e9 commune de moderniser le syst\u00e8me statistique national dans une logique d\u2019int\u00e9gration, d\u2019interop\u00e9rabilit\u00e9 et d\u2019ouverture sur l\u2019\u00e9cosyst\u00e8me des donn\u00e9es, de promouvoir la culture de partage de la donn\u00e9e, de renforcer la statistique territoriale et d\u2019investir dans le capital humain et les comp\u00e9tences statistiques pour accompagner la transformation num\u00e9rique du Royaume.<\/p>\n","protected":false},"excerpt":{"rendered":"<p>Le Haut Commissariat au Plan (HCP) a c\u00e9l\u00e9br\u00e9, les 20 et 21 octobre derniers \u00e0 Rabat, la Journ\u00e9e Mondiale de la Statistique, en partenariat avec Bank Al-Maghrib et le Fonds des Nations-Unies pour la Population (UNFPA), sous le th\u00e8me \u00abStimuler le changement gr\u00e2ce \u00e0 des statistiques et des donn\u00e9es de qualit\u00e9 pour tous\u00bb. R\u00e9unissant plusieurs &hellip;<\/p>\n","protected":false},"author":9,"featured_media":39317,"comment_status":"open","ping_status":"closed","sticky":false,"template":"","format":"standard","meta":{"footnotes":""},"categories":[492],"tags":[],"class_list":["post-39324","post","type-post","status-publish","format-standard","has-post-thumbnail","hentry","category-forum"],"_links":{"self":[{"href":"https:\/\/letempsmag.ma\/index.php?rest_route=\/wp\/v2\/posts\/39324","targetHints":{"allow":["GET"]}}],"collection":[{"href":"https:\/\/letempsmag.ma\/index.php?rest_route=\/wp\/v2\/posts"}],"about":[{"href":"https:\/\/letempsmag.ma\/index.php?rest_route=\/wp\/v2\/types\/post"}],"author":[{"embeddable":true,"href":"https:\/\/letempsmag.ma\/index.php?rest_route=\/wp\/v2\/users\/9"}],"replies":[{"embeddable":true,"href":"https:\/\/letempsmag.ma\/index.php?rest_route=%2Fwp%2Fv2%2Fcomments&post=39324"}],"version-history":[{"count":1,"href":"https:\/\/letempsmag.ma\/index.php?rest_route=\/wp\/v2\/posts\/39324\/revisions"}],"predecessor-version":[{"id":39325,"href":"https:\/\/letempsmag.ma\/index.php?rest_route=\/wp\/v2\/posts\/39324\/revisions\/39325"}],"wp:featuredmedia":[{"embeddable":true,"href":"https:\/\/letempsmag.ma\/index.php?rest_route=\/wp\/v2\/media\/39317"}],"wp:attachment":[{"href":"https:\/\/letempsmag.ma\/index.php?rest_route=%2Fwp%2Fv2%2Fmedia&parent=39324"}],"wp:term":[{"taxonomy":"category","embeddable":true,"href":"https:\/\/letempsmag.ma\/index.php?rest_route=%2Fwp%2Fv2%2Fcategories&post=39324"},{"taxonomy":"post_tag","embeddable":true,"href":"https:\/\/letempsmag.ma\/index.php?rest_route=%2Fwp%2Fv2%2Ftags&post=39324"}],"curies":[{"name":"wp","href":"https:\/\/api.w.org\/{rel}","templated":true}]}}