{"id":39314,"date":"2025-10-25T09:57:08","date_gmt":"2025-10-25T08:57:08","guid":{"rendered":"https:\/\/letempsmag.ma\/?p=39314"},"modified":"2025-10-25T09:57:08","modified_gmt":"2025-10-25T08:57:08","slug":"hicham-ayouch-lance-son-dernier-clip-guerriers-de-lumiere","status":"publish","type":"post","link":"https:\/\/letempsmag.ma\/?p=39314","title":{"rendered":"Hicham Ayouch lance son dernier clip \u00abGuerriers de Lumi\u00e8re\u00bb"},"content":{"rendered":"\n<p>Le r\u00e9alisateur, artiste et po\u00e8te Hicham Ayouch d\u00e9voile son nouveau clip \u00abGuerriers de Lumi\u00e8re\u00bb, une \u0153uvre \u00e0 la crois\u00e9e du cri, du chant et de la pri\u00e8re. \u00c0 travers ce projet, il livre un message fort, un appel vibrant \u00e0 l\u2019\u00e9veil des consciences et \u00e0 la reconqu\u00eate de notre humanit\u00e9. \u00c9crit, interpr\u00e9t\u00e9 et produit par Hicham Ayouch, le clip repose sur une musique envo\u00fbtante compos\u00e9e par Benny Adam, qui en sublime la dimension spirituelle et engag\u00e9e.<\/p>\n\n\n\n<p>Dans un monde en perte de rep\u00e8res, \u00abGuerriers de Lumi\u00e8re\u00bb se pr\u00e9sente comme une ode \u00e0 la r\u00e9sistance int\u00e9rieure, une invitation \u00e0 rallumer la flamme de la dignit\u00e9, de la foi et de la lumi\u00e8re. Port\u00e9 par une esth\u00e9tique puissante et symbolique, le clip se veut universel&nbsp;: un message d\u2019amour, de courage et d\u2019espoir, d\u00e9di\u00e9 \u00e0 celles et ceux qui refusent de c\u00e9der \u00e0 la peur et \u00e0 l\u2019indiff\u00e9rence.<\/p>\n\n\n\n<p><strong><em>\u00c0 propos de Hicham Ayouch<\/em><\/strong><\/p>\n\n\n\n<p>R\u00e9alisateur, sc\u00e9nariste, po\u00e8te et artiste pluridisciplinaire, Hicham Ayouch explore dans ses \u0153uvres les th\u00e8mes de la libert\u00e9, de la foi, de l\u2019amour et de la r\u00e9volte. Laur\u00e9at de nombreux Prix internationaux, il continue de tracer un parcours singulier, entre cin\u00e9ma, musique et engagement spirituel.<\/p>\n","protected":false},"excerpt":{"rendered":"<p>Le r\u00e9alisateur, artiste et po\u00e8te Hicham Ayouch d\u00e9voile son nouveau clip \u00abGuerriers de Lumi\u00e8re\u00bb, une \u0153uvre \u00e0 la crois\u00e9e du cri, du chant et de la pri\u00e8re. \u00c0 travers ce projet, il livre un message fort, un appel vibrant \u00e0 l\u2019\u00e9veil des consciences et \u00e0 la reconqu\u00eate de notre humanit\u00e9. \u00c9crit, interpr\u00e9t\u00e9 et produit par &hellip;<\/p>\n","protected":false},"author":9,"featured_media":39318,"comment_status":"open","ping_status":"closed","sticky":false,"template":"","format":"standard","meta":{"footnotes":""},"categories":[149],"tags":[],"class_list":["post-39314","post","type-post","status-publish","format-standard","has-post-thumbnail","hentry","category-art"],"_links":{"self":[{"href":"https:\/\/letempsmag.ma\/index.php?rest_route=\/wp\/v2\/posts\/39314","targetHints":{"allow":["GET"]}}],"collection":[{"href":"https:\/\/letempsmag.ma\/index.php?rest_route=\/wp\/v2\/posts"}],"about":[{"href":"https:\/\/letempsmag.ma\/index.php?rest_route=\/wp\/v2\/types\/post"}],"author":[{"embeddable":true,"href":"https:\/\/letempsmag.ma\/index.php?rest_route=\/wp\/v2\/users\/9"}],"replies":[{"embeddable":true,"href":"https:\/\/letempsmag.ma\/index.php?rest_route=%2Fwp%2Fv2%2Fcomments&post=39314"}],"version-history":[{"count":1,"href":"https:\/\/letempsmag.ma\/index.php?rest_route=\/wp\/v2\/posts\/39314\/revisions"}],"predecessor-version":[{"id":39323,"href":"https:\/\/letempsmag.ma\/index.php?rest_route=\/wp\/v2\/posts\/39314\/revisions\/39323"}],"wp:featuredmedia":[{"embeddable":true,"href":"https:\/\/letempsmag.ma\/index.php?rest_route=\/wp\/v2\/media\/39318"}],"wp:attachment":[{"href":"https:\/\/letempsmag.ma\/index.php?rest_route=%2Fwp%2Fv2%2Fmedia&parent=39314"}],"wp:term":[{"taxonomy":"category","embeddable":true,"href":"https:\/\/letempsmag.ma\/index.php?rest_route=%2Fwp%2Fv2%2Fcategories&post=39314"},{"taxonomy":"post_tag","embeddable":true,"href":"https:\/\/letempsmag.ma\/index.php?rest_route=%2Fwp%2Fv2%2Ftags&post=39314"}],"curies":[{"name":"wp","href":"https:\/\/api.w.org\/{rel}","templated":true}]}}