{"id":39145,"date":"2025-10-17T11:20:53","date_gmt":"2025-10-17T10:20:53","guid":{"rendered":"https:\/\/letempsmag.ma\/?p=39145"},"modified":"2025-10-17T11:20:53","modified_gmt":"2025-10-17T10:20:53","slug":"a-doha-le-maroc-prend-part-a-la-conference-islamique-des-ministres-du-travail","status":"publish","type":"post","link":"https:\/\/letempsmag.ma\/?p=39145","title":{"rendered":"\u00c0 Doha, le Maroc prend part \u00e0 la Conf\u00e9rence islamique des Ministres du Travail"},"content":{"rendered":"\n<p>Les travaux de la 6<sup>\u00e8me<\/sup> session de la Conf\u00e9rence islamique des Ministres du Travail de l&#8217;Organisation de la Coop\u00e9ration Islamique (OCI) se sont ouverts hier \u00e0 Doha (Qatar) avec la participation des Ministres du Travail des \u00c9tats membres, ainsi que de repr\u00e9sentants d\u2019organisations internationales et r\u00e9gionales et d\u2019acteurs de la soci\u00e9t\u00e9 civile.<\/p>\n\n\n\n<p>Le Maroc prend part \u00e0 cette conf\u00e9rence, organis\u00e9e cette ann\u00e9e sous le th\u00e8me \u00abExp\u00e9riences locales, r\u00e9alisations mondiales&nbsp;: histoires de r\u00e9ussite dans le monde islamique\u00bb, avec une d\u00e9l\u00e9gation conduite par Wafa Asri, Secr\u00e9taire G\u00e9n\u00e9rale du minist\u00e8re de l\u2019Inclusion \u00e9conomique, de la Petite entreprise, de l\u2019Emploi et des Comp\u00e9tences.<\/p>\n\n\n\n<p>Intervenant \u00e0 cette occasion, la haute responsable marocaine a mis en avant la dynamique engag\u00e9e par le Royaume en vue de b\u00e2tir un mod\u00e8le social \u00e9quilibr\u00e9, fond\u00e9 sur la qu\u00eate permanente de la justice, de la solidarit\u00e9 et de la responsabilit\u00e9 partag\u00e9e. Elle a soulign\u00e9 que le Maroc place l\u2019emploi au c\u0153ur de ses priorit\u00e9s \u00e0 travers l\u2019adoption d\u2019une s\u00e9rie de mesures destin\u00e9es \u00e0 soutenir l\u2019investissement, \u00e0 relever les d\u00e9fis li\u00e9s \u00e0 la faiblesse du taux d\u2019activit\u00e9, \u00e0 renforcer l\u2019autonomisation \u00e9conomique des femmes et \u00e0 r\u00e9duire les disparit\u00e9s territoriales.<\/p>\n\n\n\n<p>S\u2019agissant de la consolidation des fondements de l\u2019\u00c9tat social, Wafa Asri a indiqu\u00e9 que conform\u00e9ment aux hautes orientations de S.M. le Roi Mohammed VI, le Royaume a lanc\u00e9 le chantier de g\u00e9n\u00e9ralisation de la protection sociale, avec un calendrier clair pour sa mise en \u0153uvre progressive sur une p\u00e9riode de cinq ans, afin de couvrir l\u2019ensemble des citoyens. Et d&#8217;ajouter que ce vaste projet repose sur quatre axes principaux, portant sur la g\u00e9n\u00e9ralisation de la couverture m\u00e9dicale obligatoire et des allocations familiales, l\u2019\u00e9largissement des r\u00e9gimes de retraite ainsi que l\u2019instauration d\u2019une indemnit\u00e9 pour perte d\u2019emploi, de mani\u00e8re \u00e0 garantir la justice sociale et la dignit\u00e9 pour tous les citoyens.<\/p>\n\n\n\n<p>Pour sa part, le ministre qatari du Travail, Ali Al-Marri, dont le pays assure la pr\u00e9sidence de la session actuelle, a indiqu\u00e9 que cette conf\u00e9rence se tient \u00e0 un moment crucial marqu\u00e9 par de profonds bouleversements \u00e9conomiques, technologiques et sociaux \u00e0 l\u2019\u00e9chelle mondiale, relevant que la num\u00e9risation, l\u2019intelligence artificielle et la transition vers une \u00e9conomie verte transforment la nature des emplois et des comp\u00e9tences.<\/p>\n","protected":false},"excerpt":{"rendered":"<p>Les travaux de la 6\u00e8me session de la Conf\u00e9rence islamique des Ministres du Travail de l&#8217;Organisation de la Coop\u00e9ration Islamique (OCI) se sont ouverts hier \u00e0 Doha (Qatar) avec la participation des Ministres du Travail des \u00c9tats membres, ainsi que de repr\u00e9sentants d\u2019organisations internationales et r\u00e9gionales et d\u2019acteurs de la soci\u00e9t\u00e9 civile. Le Maroc prend &hellip;<\/p>\n","protected":false},"author":9,"featured_media":39123,"comment_status":"open","ping_status":"closed","sticky":false,"template":"","format":"standard","meta":{"footnotes":""},"categories":[203],"tags":[],"class_list":["post-39145","post","type-post","status-publish","format-standard","has-post-thumbnail","hentry","category-cooperation"],"_links":{"self":[{"href":"https:\/\/letempsmag.ma\/index.php?rest_route=\/wp\/v2\/posts\/39145","targetHints":{"allow":["GET"]}}],"collection":[{"href":"https:\/\/letempsmag.ma\/index.php?rest_route=\/wp\/v2\/posts"}],"about":[{"href":"https:\/\/letempsmag.ma\/index.php?rest_route=\/wp\/v2\/types\/post"}],"author":[{"embeddable":true,"href":"https:\/\/letempsmag.ma\/index.php?rest_route=\/wp\/v2\/users\/9"}],"replies":[{"embeddable":true,"href":"https:\/\/letempsmag.ma\/index.php?rest_route=%2Fwp%2Fv2%2Fcomments&post=39145"}],"version-history":[{"count":1,"href":"https:\/\/letempsmag.ma\/index.php?rest_route=\/wp\/v2\/posts\/39145\/revisions"}],"predecessor-version":[{"id":39146,"href":"https:\/\/letempsmag.ma\/index.php?rest_route=\/wp\/v2\/posts\/39145\/revisions\/39146"}],"wp:featuredmedia":[{"embeddable":true,"href":"https:\/\/letempsmag.ma\/index.php?rest_route=\/wp\/v2\/media\/39123"}],"wp:attachment":[{"href":"https:\/\/letempsmag.ma\/index.php?rest_route=%2Fwp%2Fv2%2Fmedia&parent=39145"}],"wp:term":[{"taxonomy":"category","embeddable":true,"href":"https:\/\/letempsmag.ma\/index.php?rest_route=%2Fwp%2Fv2%2Fcategories&post=39145"},{"taxonomy":"post_tag","embeddable":true,"href":"https:\/\/letempsmag.ma\/index.php?rest_route=%2Fwp%2Fv2%2Ftags&post=39145"}],"curies":[{"name":"wp","href":"https:\/\/api.w.org\/{rel}","templated":true}]}}