{"id":39143,"date":"2025-10-17T11:19:58","date_gmt":"2025-10-17T10:19:58","guid":{"rendered":"https:\/\/letempsmag.ma\/?p=39143"},"modified":"2025-10-17T11:19:59","modified_gmt":"2025-10-17T10:19:59","slug":"casablanca-federe-les-specialistes-de-la-connectivite-et-de-la-cooperation-sud-sud","status":"publish","type":"post","link":"https:\/\/letempsmag.ma\/?p=39143","title":{"rendered":"Casablanca f\u00e9d\u00e8re les sp\u00e9cialistes de la connectivit\u00e9 et de la coop\u00e9ration Sud-Sud"},"content":{"rendered":"\n<p>Les participants \u00e0 la 2<sup>\u00e8me<\/sup> \u00e9dition du Forum-Salon International de la Mobilit\u00e9, du Transport et de la Logistique (LOGITERRE), organis\u00e9e \u00e0 Casablanca, ont d\u00e9battu hier des potentialit\u00e9s et des strat\u00e9gies dans le domaine de la connectivit\u00e9 r\u00e9gionale et la coop\u00e9ration Sud-Sud. Ils ont mis en lumi\u00e8re les axes principaux en faveur d\u2019une compl\u00e9mentarit\u00e9 r\u00e9gionale ainsi que la promotion de la coop\u00e9ration Sud-Sud, insistant sur l\u2019importance d\u2019une mise \u00e0 niveau des infrastructures de transport et de la logistique pour encourager les \u00e9changes commerciaux bilat\u00e9raux ainsi que la circulation des personnes et des marchandises.<\/p>\n\n\n\n<p>Les participants ont mis en avant le r\u00f4le majeur du Maroc en tant que hub r\u00e9gional du transport et de la logistique \u00e0 travers l\u2019\u00e9num\u00e9ration des chantiers structurants et innovants lanc\u00e9s par le Royaume dans le domaine des autoroutes, des ports et des a\u00e9roports, notant que cette connectivit\u00e9 r\u00e9gionale ne concerne pas seulement le volet \u00e9conomique mais aussi les domaines social et culturel, contribuant ainsi au partage des bonnes pratiques entre les pays partenaires.<\/p>\n\n\n\n<p>Lors de ce d\u00e9bat, les intervenants ont \u00e9galement \u00e9voqu\u00e9 les d\u00e9fis pos\u00e9s sur le plan de la coop\u00e9ration Sud-Sud, entre autres, le financement des grands projets et la coordination entre les politiques nationales et r\u00e9gionales, jugeant n\u00e9cessaire la recherche de solutions innovantes et l\u2019exploitation des comp\u00e9tences pour les transcender, outre l\u2019absolue n\u00e9cessit\u00e9 de tirer profit des potentialit\u00e9s naturelles et humaines et ce, pour consolider la compl\u00e9mentarit\u00e9 r\u00e9gionale et favoriser le d\u00e9veloppement durable dans la r\u00e9gion.<\/p>\n\n\n\n<p>L\u2019ancienne ministre de l\u2019Am\u00e9nagement du territoire national, de l\u2019Urbanisme, de l\u2019Habitat et de la Politique de la ville, Nouzha Bouchareb, a assur\u00e9 que le Maroc est d\u00e9termin\u00e9 \u00e0 renforcer l&#8217;int\u00e9gration africaine comme en t\u00e9moigne l\u2019Initiative de Sa Majest\u00e9 le Roi visant \u00e0 permettre aux pays du Sahel d&#8217;acc\u00e9der \u00e0 l&#8217;oc\u00e9an Atlantique. Pour r\u00e9aliser cette int\u00e9gration qui ne se r\u00e9sume pas, \u00e0 ses yeux, \u00e0 la mise \u00e0 niveau de infrastructures, elle a plaid\u00e9 pour une approche globale et int\u00e9gr\u00e9e avec aussi \u00e0 l\u2019appui une planification continentale \u00e0 m\u00eame de r\u00e9pondre aux d\u00e9fis sur les plans des normes et de l\u2019organisation logistique, sugg\u00e9rant, \u00e0 ce propos, la mise sur pied de groupements industriels, v\u00e9ritables plateformes favorisant le transfert des technologies et l\u2019\u00e9change des expertises. Et de souligner que la jeunesse africaine, qui repr\u00e9sente 60% de la population du continent, est un levier important de cette int\u00e9gration souhait\u00e9e, surtout si la connectivit\u00e9 continentale est consolid\u00e9e par des infrastructures et des syst\u00e8mes logistiques performants au grand profit d\u2019une \u00e9conomie africaine compl\u00e9mentaire et solidaire.<\/p>\n\n\n\n<p>Pour sa part, Hicham Bouzekri, PDG d&#8217;African Technical Advisors, a mis en exergue l\u2019importance d\u2019un partenariat public-priv\u00e9 pour promouvoir les investissements et le d\u00e9veloppement ainsi que l\u2019existence d\u2019op\u00e9rateurs nationaux capables de conqu\u00e9rir des parts de march\u00e9 en Afrique et ne pas laisser le champ libre aux multinationales.<\/p>\n\n\n\n<p>Plac\u00e9e sous le haut patronage du Souverain, cette 2<sup>\u00e8me<\/sup> \u00e9dition du LOGITERRE se prolongera jusqu&#8217;\u00e0 demain samedi et est organis\u00e9e par l\u2019Union Africaine des Organisations des Transports et la Logistique et l\u2019Association Marocaine des Transports Routiers Intercontinentaux (AMTRI-Maroc). Ce Salon met en pr\u00e9sence plus de 63 op\u00e9rateurs repr\u00e9sentant une dizaine de pays.<\/p>\n\n\n\n<p><\/p>\n","protected":false},"excerpt":{"rendered":"<p>Les participants \u00e0 la 2\u00e8me \u00e9dition du Forum-Salon International de la Mobilit\u00e9, du Transport et de la Logistique (LOGITERRE), organis\u00e9e \u00e0 Casablanca, ont d\u00e9battu hier des potentialit\u00e9s et des strat\u00e9gies dans le domaine de la connectivit\u00e9 r\u00e9gionale et la coop\u00e9ration Sud-Sud. Ils ont mis en lumi\u00e8re les axes principaux en faveur d\u2019une compl\u00e9mentarit\u00e9 r\u00e9gionale ainsi &hellip;<\/p>\n","protected":false},"author":9,"featured_media":39129,"comment_status":"open","ping_status":"closed","sticky":false,"template":"","format":"standard","meta":{"footnotes":""},"categories":[60],"tags":[],"class_list":["post-39143","post","type-post","status-publish","format-standard","has-post-thumbnail","hentry","category-salon"],"_links":{"self":[{"href":"https:\/\/letempsmag.ma\/index.php?rest_route=\/wp\/v2\/posts\/39143","targetHints":{"allow":["GET"]}}],"collection":[{"href":"https:\/\/letempsmag.ma\/index.php?rest_route=\/wp\/v2\/posts"}],"about":[{"href":"https:\/\/letempsmag.ma\/index.php?rest_route=\/wp\/v2\/types\/post"}],"author":[{"embeddable":true,"href":"https:\/\/letempsmag.ma\/index.php?rest_route=\/wp\/v2\/users\/9"}],"replies":[{"embeddable":true,"href":"https:\/\/letempsmag.ma\/index.php?rest_route=%2Fwp%2Fv2%2Fcomments&post=39143"}],"version-history":[{"count":1,"href":"https:\/\/letempsmag.ma\/index.php?rest_route=\/wp\/v2\/posts\/39143\/revisions"}],"predecessor-version":[{"id":39144,"href":"https:\/\/letempsmag.ma\/index.php?rest_route=\/wp\/v2\/posts\/39143\/revisions\/39144"}],"wp:featuredmedia":[{"embeddable":true,"href":"https:\/\/letempsmag.ma\/index.php?rest_route=\/wp\/v2\/media\/39129"}],"wp:attachment":[{"href":"https:\/\/letempsmag.ma\/index.php?rest_route=%2Fwp%2Fv2%2Fmedia&parent=39143"}],"wp:term":[{"taxonomy":"category","embeddable":true,"href":"https:\/\/letempsmag.ma\/index.php?rest_route=%2Fwp%2Fv2%2Fcategories&post=39143"},{"taxonomy":"post_tag","embeddable":true,"href":"https:\/\/letempsmag.ma\/index.php?rest_route=%2Fwp%2Fv2%2Ftags&post=39143"}],"curies":[{"name":"wp","href":"https:\/\/api.w.org\/{rel}","templated":true}]}}