{"id":38957,"date":"2025-10-01T16:22:00","date_gmt":"2025-10-01T15:22:00","guid":{"rendered":"https:\/\/letempsmag.ma\/?p=38957"},"modified":"2025-10-10T16:42:25","modified_gmt":"2025-10-10T15:42:25","slug":"75","status":"publish","type":"post","link":"https:\/\/letempsmag.ma\/?p=38957","title":{"rendered":"75%"},"content":{"rendered":"\n<p class=\"has-text-align-center\"><strong>Par HASSAN EL ARCH<\/strong><\/p>\n\n\n\n<p class=\"has-text-align-center\"><strong>Directeur de la R\u00e9daction<\/strong><\/p>\n\n\n\n<p class=\"has-text-align-center\"><strong>direction@letempsmag.ma<\/strong><\/p>\n\n\n\n<p>Retraite. La fin d\u2019une vie ou le d\u00e9but d\u2019une autre&nbsp;? Ni l\u2019une ni l\u2019autre. Ou peut-\u00eatre les deux, en m\u00eame temps&#8230; Tout d\u00e9pend du point de vue que l\u2019on a sur la question. Mais celle-ci am\u00e8ne \u00e0 m\u00e9diter sur un constat lancinant&nbsp;: 75% des personnes \u00e2g\u00e9es au Maroc ne touchent aucune pension de retraite, faute d\u2019avoir cotis\u00e9 \u00e0 un r\u00e9gime. Le saviez-vous&nbsp;? Le constat est bien r\u00e9el. Il met en \u00e9vidence un d\u00e9fi majeur pour la coh\u00e9sion sociale et l&#8217;\u00e9conomie du pays, alimentant la conviction d\u2019in\u00e9galit\u00e9s frappantes tout en appelant des r\u00e9formes urgentes des syst\u00e8mes de retraite.<\/p>\n\n\n\n<p>Les \u00e9tudes actuarielles sont pessimistes sur la viabilit\u00e9 \u00e0 long terme de ces syst\u00e8mes au Maroc. Ce n\u2019est un secret pour personne, au demeurant. Tel un serpent de mer, la question se pose de mani\u00e8re r\u00e9currente dans les d\u00e9bats au sein de l\u2019opinion publique et dans les m\u00e9dias, alors que l\u2019on se projette d\u00e9j\u00e0 dans les \u00e9lections l\u00e9gislatives de septembre 2026. Contexte \u00e9minemment politique donc, au-del\u00e0 de sa trame fondamentalement sociale et \u00e9conomique.<\/p>\n\n\n\n<p>Dans la pr\u00e9sente \u00e9dition, LE TEMPS consacre \u00e0 cette question son dossier central (pages 18 \u00e0 31) et sa couverture en rappelant d\u2019embl\u00e9e que le gouvernement entame sa derni\u00e8re ann\u00e9e de mandat en s\u2019attaquant, presque \u00e0 contre c\u0153ur, \u00e0 la r\u00e9forme du syst\u00e8me des retraites. R\u00e9forme d\u00e9j\u00e0 tr\u00e8s pr\u00e9caire. S\u2019il y a un contexte o\u00f9 l\u2019expression \u00abrefiler la patate chaude\u00bb est pertinente, ce contexte-l\u00e0 s\u2019y pr\u00eate totalement. Les gouvernements pr\u00e9c\u00e9dents n\u2019ont pas \u00abos\u00e9\u00bb s\u2019attaquer \u00e0 cette r\u00e9forme, exception faite d\u2019une refonte toute partielle de la Caisse Marocaine de Retraite (CMR) qui a port\u00e9 l\u2019\u00e2ge de la retraite \u00e0 63 ans. L\u2019intransigeance des syndicats \u00e9tant ce qu\u2019elle est en mati\u00e8re d\u2019acquis et de dol\u00e9ances, l\u2019actuel Ex\u00e9cutif devait pr\u00e9senter un plan de r\u00e9forme, le 18 septembre dernier, aux centrales syndicales ainsi qu\u2019\u00e0 la Conf\u00e9d\u00e9ration G\u00e9n\u00e9rale des Entreprises du Maroc (CGEM). Mais comme pour beaucoup de rendez-vous d\u00e9cisifs manqu\u00e9s, la r\u00e9union n\u2019a pas eu lieu&#8230;<\/p>\n\n\n\n<p>Le Chef du gouvernement, Aziz Akhannouch, a pourtant exprim\u00e9 la volont\u00e9 de son \u00e9quipe d\u2019assumer la responsabilit\u00e9 et le co\u00fbt de la r\u00e9forme, en concertation avec les parties prenantes. Il a m\u00eame assur\u00e9 que le gouvernement ne comptait entreprendre aucune r\u00e9forme sans consensus&nbsp; sur la question avec les syndicats.<\/p>\n\n\n\n<p>Nous mettons le curseur, dans notre dossier, sur un fait av\u00e9r\u00e9&nbsp;: malgr\u00e9 une am\u00e9lioration toute relative des cotisations, celles-ci n\u2019ont pas r\u00e9sist\u00e9 \u00e0 l\u2019augmentation des pensions servies en 2024. Les cotisations ont, en effet, atteint 66,8 milliards de DH alors que les caisses de retraite ont, ensemble, vers\u00e9 71,1 milliards de DH. De quoi mettre en lumi\u00e8re, encore une fois, les conclusions actuarielles sur la viabilit\u00e9 \u00e0 long terme de ces syst\u00e8mes au Maroc.<\/p>\n","protected":false},"excerpt":{"rendered":"<p>Par HASSAN EL ARCH Directeur de la R\u00e9daction direction@letempsmag.ma Retraite. La fin d\u2019une vie ou le d\u00e9but d\u2019une autre&nbsp;? Ni l\u2019une ni l\u2019autre. Ou peut-\u00eatre les deux, en m\u00eame temps&#8230; Tout d\u00e9pend du point de vue que l\u2019on a sur la question. Mais celle-ci am\u00e8ne \u00e0 m\u00e9diter sur un constat lancinant&nbsp;: 75% des personnes \u00e2g\u00e9es &hellip;<\/p>\n","protected":false},"author":9,"featured_media":30319,"comment_status":"open","ping_status":"closed","sticky":false,"template":"","format":"standard","meta":{"footnotes":""},"categories":[44],"tags":[],"class_list":["post-38957","post","type-post","status-publish","format-standard","has-post-thumbnail","hentry","category-edito"],"_links":{"self":[{"href":"https:\/\/letempsmag.ma\/index.php?rest_route=\/wp\/v2\/posts\/38957","targetHints":{"allow":["GET"]}}],"collection":[{"href":"https:\/\/letempsmag.ma\/index.php?rest_route=\/wp\/v2\/posts"}],"about":[{"href":"https:\/\/letempsmag.ma\/index.php?rest_route=\/wp\/v2\/types\/post"}],"author":[{"embeddable":true,"href":"https:\/\/letempsmag.ma\/index.php?rest_route=\/wp\/v2\/users\/9"}],"replies":[{"embeddable":true,"href":"https:\/\/letempsmag.ma\/index.php?rest_route=%2Fwp%2Fv2%2Fcomments&post=38957"}],"version-history":[{"count":1,"href":"https:\/\/letempsmag.ma\/index.php?rest_route=\/wp\/v2\/posts\/38957\/revisions"}],"predecessor-version":[{"id":38958,"href":"https:\/\/letempsmag.ma\/index.php?rest_route=\/wp\/v2\/posts\/38957\/revisions\/38958"}],"wp:featuredmedia":[{"embeddable":true,"href":"https:\/\/letempsmag.ma\/index.php?rest_route=\/wp\/v2\/media\/30319"}],"wp:attachment":[{"href":"https:\/\/letempsmag.ma\/index.php?rest_route=%2Fwp%2Fv2%2Fmedia&parent=38957"}],"wp:term":[{"taxonomy":"category","embeddable":true,"href":"https:\/\/letempsmag.ma\/index.php?rest_route=%2Fwp%2Fv2%2Fcategories&post=38957"},{"taxonomy":"post_tag","embeddable":true,"href":"https:\/\/letempsmag.ma\/index.php?rest_route=%2Fwp%2Fv2%2Ftags&post=38957"}],"curies":[{"name":"wp","href":"https:\/\/api.w.org\/{rel}","templated":true}]}}